{"id":17743,"date":"2020-03-11T09:34:58","date_gmt":"2020-03-11T12:34:58","guid":{"rendered":"http:\/\/dsrmedios.com.ar\/diario\/?p=17743"},"modified":"2020-03-11T09:35:02","modified_gmt":"2020-03-11T12:35:02","slug":"tarjeta-alimentar-417-familias-de-adolfo-alsina-ya-las-estan-recibiendo","status":"publish","type":"post","link":"http:\/\/dsrmedios.com.ar\/diario\/archivos\/17743","title":{"rendered":"Tarjeta Alimentar: 417 familias de Adolfo Alsina ya las est\u00e1n recibiendo"},"content":{"rendered":"\n<p>La Tarjeta Alimentar lleg\u00f3 a Adolfo Alsina y beneficiar\u00e1 a 417 familias. Desde el Municipio se est\u00e1 acompa\u00f1ando la implementaci\u00f3n, en un trabajo conjunto con el Banco Provincia y Anses.<br>\nDesde Desarrollo HUmano se asesora a las familias de las localidades del distrito.  <br>\nLa Tarjeta Alimentar es una iniciativa del gobierno Nacional en el marco del Plan Argentina contra el Hambre.<br>\nLa tarjeta permite a familias con ni\u00f1os menores de 6 a\u00f1os que reciben Asignaci\u00f3n Universal Por Hijo, acceder a la canasta b\u00e1sica alimentaria.<br>\nAlimentar es una pol\u00edtica de complemento integral alimentario. No suplanta a la Asignaci\u00f3n Universal por Hijo ni a ninguna pol\u00edtica existente.<br>\nSu implementaci\u00f3n depende del Ministerio de Desarrollo Social de la Naci\u00f3n, dentro del marco del Plan Argentina contra el Hambre.<br>\nEl tercer viernes de cada mes el Gobierno nacional recargar\u00e1 la tarjeta.<br>\nLa tarjeta no sirve para extraer dinero en efectivo y s\u00f3lo puede ser usada para la compra de alimentos de la canasta b\u00e1sica, excluyendo bebidas alcoh\u00f3licas.<\/p>\n","protected":false},"excerpt":{"rendered":"<div class=\"mh-excerpt\"><p>La Tarjeta Alimentar lleg\u00f3 a Adolfo Alsina y beneficiar\u00e1 a 417 familias. Desde el Municipio se est\u00e1 acompa\u00f1ando la implementaci\u00f3n, en un trabajo conjunto con el Banco Provincia y Anses. Desde Desarrollo HUmano se asesora a las familias de las localidades del distrito. La Tarjeta Alimentar es una iniciativa del gobierno Nacional en el marco del Plan Argentina contra el Hambre. La tarjeta permite a familias con ni\u00f1os menores de 6 a\u00f1os que reciben Asignaci\u00f3n Universal Por Hijo, acceder a la canasta b\u00e1sica alimentaria. Alimentar es una pol\u00edtica de complemento integral alimentario. No suplanta a la Asignaci\u00f3n Universal por Hijo <a class=\"mh-excerpt-more\" href=\"http:\/\/dsrmedios.com.ar\/diario\/archivos\/17743\" title=\"Tarjeta Alimentar: 417 familias de Adolfo Alsina ya las est\u00e1n recibiendo\">[Leer m\u00e1s]<\/a><\/p>\n<\/div>","protected":false},"author":5,"featured_media":17745,"comment_status":"open","ping_status":"closed","sticky":false,"template":"","format":"standard","meta":{"_jetpack_newsletter_access":""},"categories":[18,31],"tags":[],"jetpack_featured_media_url":"http:\/\/dsrmedios.com.ar\/diario\/wp-content\/uploads\/2020\/03\/Tarjeta-Alimentar-1.jpg","jetpack_sharing_enabled":true,"jetpack_shortlink":"https:\/\/wp.me\/p9fihK-4Cb","_links":{"self":[{"href":"http:\/\/dsrmedios.com.ar\/diario\/wp-json\/wp\/v2\/posts\/17743"}],"collection":[{"href":"http:\/\/dsrmedios.com.ar\/diario\/wp-json\/wp\/v2\/posts"}],"about":[{"href":"http:\/\/dsrmedios.com.ar\/diario\/wp-json\/wp\/v2\/types\/post"}],"author":[{"embeddable":true,"href":"http:\/\/dsrmedios.com.ar\/diario\/wp-json\/wp\/v2\/users\/5"}],"replies":[{"embeddable":true,"href":"http:\/\/dsrmedios.com.ar\/diario\/wp-json\/wp\/v2\/comments?post=17743"}],"version-history":[{"count":1,"href":"http:\/\/dsrmedios.com.ar\/diario\/wp-json\/wp\/v2\/posts\/17743\/revisions"}],"predecessor-version":[{"id":17746,"href":"http:\/\/dsrmedios.com.ar\/diario\/wp-json\/wp\/v2\/posts\/17743\/revisions\/17746"}],"wp:featuredmedia":[{"embeddable":true,"href":"http:\/\/dsrmedios.com.ar\/diario\/wp-json\/wp\/v2\/media\/17745"}],"wp:attachment":[{"href":"http:\/\/dsrmedios.com.ar\/diario\/wp-json\/wp\/v2\/media?parent=17743"}],"wp:term":[{"taxonomy":"category","embeddable":true,"href":"http:\/\/dsrmedios.com.ar\/diario\/wp-json\/wp\/v2\/categories?post=17743"},{"taxonomy":"post_tag","embeddable":true,"href":"http:\/\/dsrmedios.com.ar\/diario\/wp-json\/wp\/v2\/tags?post=17743"}],"curies":[{"name":"wp","href":"https:\/\/api.w.org\/{rel}","templated":true}]}}