{"id":17739,"date":"2020-03-11T09:12:08","date_gmt":"2020-03-11T12:12:08","guid":{"rendered":"http:\/\/dsrmedios.com.ar\/diario\/?p=17739"},"modified":"2020-03-11T09:12:43","modified_gmt":"2020-03-11T12:12:43","slug":"se-inauguro-expo-agro-en-san-nicolas","status":"publish","type":"post","link":"http:\/\/dsrmedios.com.ar\/diario\/archivos\/17739","title":{"rendered":"Se inaugur\u00f3 Expo Agro 2020 en San Nicol\u00e1s"},"content":{"rendered":"\n<p>Este martes por la ma\u00f1ana se inaugur\u00f3 una nueva edici\u00f3n de Expoagro en el predio ferial de San Nicol\u00e1s, ubicado sobre el kil\u00f3metro 225 de la Autopista Rosario-Buenos Aires. Este a\u00f1o, que cuenta con YPF Agro como principal aliado, se extender\u00e1 hasta el viernes y se esperan m\u00e1s de 165.000 personas.<\/p>\n\n\n\n<p>Durante el corte de cintas estuvo el gobernador de Santa Fe, Omar Perotti, el intendente de San Nicol\u00e1s, Manuel Passaglia, el diputado Nacional, Atilio Benedetti, directivos del Grupo Clar\u00edn y de La Naci\u00f3n SA y dirigentes agropecuarios, entre otros.<\/p>\n","protected":false},"excerpt":{"rendered":"<div class=\"mh-excerpt\"><p>Este martes por la ma\u00f1ana se inaugur\u00f3 una nueva edici\u00f3n de Expoagro en el predio ferial de San Nicol\u00e1s, ubicado sobre el kil\u00f3metro 225 de la Autopista Rosario-Buenos Aires. Este a\u00f1o, que cuenta con YPF Agro como principal aliado, se extender\u00e1 hasta el viernes y se esperan m\u00e1s de 165.000 personas. Durante el corte de cintas estuvo el gobernador de Santa Fe, Omar Perotti, el intendente de San Nicol\u00e1s, Manuel Passaglia, el diputado Nacional, Atilio Benedetti, directivos del Grupo Clar\u00edn y de La Naci\u00f3n SA y dirigentes agropecuarios, entre otros.<\/p>\n<\/div>","protected":false},"author":5,"featured_media":17740,"comment_status":"open","ping_status":"closed","sticky":false,"template":"","format":"standard","meta":{"_jetpack_newsletter_access":""},"categories":[18,6],"tags":[],"jetpack_featured_media_url":"http:\/\/dsrmedios.com.ar\/diario\/wp-content\/uploads\/2020\/03\/expoagro2020.jpg","jetpack_sharing_enabled":true,"jetpack_shortlink":"https:\/\/wp.me\/p9fihK-4C7","_links":{"self":[{"href":"http:\/\/dsrmedios.com.ar\/diario\/wp-json\/wp\/v2\/posts\/17739"}],"collection":[{"href":"http:\/\/dsrmedios.com.ar\/diario\/wp-json\/wp\/v2\/posts"}],"about":[{"href":"http:\/\/dsrmedios.com.ar\/diario\/wp-json\/wp\/v2\/types\/post"}],"author":[{"embeddable":true,"href":"http:\/\/dsrmedios.com.ar\/diario\/wp-json\/wp\/v2\/users\/5"}],"replies":[{"embeddable":true,"href":"http:\/\/dsrmedios.com.ar\/diario\/wp-json\/wp\/v2\/comments?post=17739"}],"version-history":[{"count":2,"href":"http:\/\/dsrmedios.com.ar\/diario\/wp-json\/wp\/v2\/posts\/17739\/revisions"}],"predecessor-version":[{"id":17742,"href":"http:\/\/dsrmedios.com.ar\/diario\/wp-json\/wp\/v2\/posts\/17739\/revisions\/17742"}],"wp:featuredmedia":[{"embeddable":true,"href":"http:\/\/dsrmedios.com.ar\/diario\/wp-json\/wp\/v2\/media\/17740"}],"wp:attachment":[{"href":"http:\/\/dsrmedios.com.ar\/diario\/wp-json\/wp\/v2\/media?parent=17739"}],"wp:term":[{"taxonomy":"category","embeddable":true,"href":"http:\/\/dsrmedios.com.ar\/diario\/wp-json\/wp\/v2\/categories?post=17739"},{"taxonomy":"post_tag","embeddable":true,"href":"http:\/\/dsrmedios.com.ar\/diario\/wp-json\/wp\/v2\/tags?post=17739"}],"curies":[{"name":"wp","href":"https:\/\/api.w.org\/{rel}","templated":true}]}}