{"id":17689,"date":"2020-03-09T21:35:53","date_gmt":"2020-03-10T00:35:53","guid":{"rendered":"http:\/\/dsrmedios.com.ar\/diario\/?p=17689"},"modified":"2020-03-09T16:58:18","modified_gmt":"2020-03-09T19:58:18","slug":"comenzaron-oficialmente-las-clases-de-nivel-secundario-en-la-provincia","status":"publish","type":"post","link":"http:\/\/dsrmedios.com.ar\/diario\/archivos\/17689","title":{"rendered":"Comenzaron oficialmente las clases de nivel secundario en la Provincia"},"content":{"rendered":"\n<p>La Directora General de Cultura y Educaci\u00f3n, Agustina Vila, dio inicio al a\u00f1o escolar secundario en el municipio de Tigre. Junto al intendente local, Julio Zamora, y la comunidad educativa, tambi\u00e9n dejaron inaugurado el nuevo edificio de la EES 36.<\/p>\n\n\n\n<p>Los y las j\u00f3venes que asisten a la Secundaria 36 de Tigre comenzaron este lunes su a\u00f1o lectivo con la posibilidad de cursar sus estudios en mejores condiciones, luego de quedar inaugurado durante esta ma\u00f1ana el flamante edificio escolar, ubicado en la localidad de Benavidez.<\/p>\n\n\n\n<p>En este marco, la Directora General de Cultura y Educaci\u00f3n bonaerense, Agustina Vila, realiz\u00f3 la apertura formal del ciclo lectivo 2020 junto al Intendente local, Julio Zamora, la Directora Nacional de Evaluaci\u00f3n e Informaci\u00f3n Educativa, Gabriela Diker, y el ex Director General de Cultura y Educaci\u00f3n, Mario Oporto. Adem\u00e1s, los funcionarios, las funcionarias y la comunidad educativa inauguraron el nuevo edificio escolar.<\/p>\n","protected":false},"excerpt":{"rendered":"<div class=\"mh-excerpt\"><p>La Directora General de Cultura y Educaci\u00f3n, Agustina Vila, dio inicio al a\u00f1o escolar secundario en el municipio de Tigre. Junto al intendente local, Julio Zamora, y la comunidad educativa, tambi\u00e9n dejaron inaugurado el nuevo edificio de la EES 36. Los y las j\u00f3venes que asisten a la Secundaria 36 de Tigre comenzaron este lunes su a\u00f1o lectivo con la posibilidad de cursar sus estudios en mejores condiciones, luego de quedar inaugurado durante esta ma\u00f1ana el flamante edificio escolar, ubicado en la localidad de Benavidez. En este marco, la Directora General de Cultura y Educaci\u00f3n bonaerense, Agustina Vila, realiz\u00f3 la <a class=\"mh-excerpt-more\" href=\"http:\/\/dsrmedios.com.ar\/diario\/archivos\/17689\" title=\"Comenzaron oficialmente las clases de nivel secundario en la Provincia\">[Leer m\u00e1s]<\/a><\/p>\n<\/div>","protected":false},"author":5,"featured_media":17690,"comment_status":"open","ping_status":"closed","sticky":false,"template":"","format":"standard","meta":{"_jetpack_newsletter_access":""},"categories":[18,31],"tags":[],"jetpack_featured_media_url":"http:\/\/dsrmedios.com.ar\/diario\/wp-content\/uploads\/2020\/03\/Vila.agustina.jpg","jetpack_sharing_enabled":true,"jetpack_shortlink":"https:\/\/wp.me\/p9fihK-4Bj","_links":{"self":[{"href":"http:\/\/dsrmedios.com.ar\/diario\/wp-json\/wp\/v2\/posts\/17689"}],"collection":[{"href":"http:\/\/dsrmedios.com.ar\/diario\/wp-json\/wp\/v2\/posts"}],"about":[{"href":"http:\/\/dsrmedios.com.ar\/diario\/wp-json\/wp\/v2\/types\/post"}],"author":[{"embeddable":true,"href":"http:\/\/dsrmedios.com.ar\/diario\/wp-json\/wp\/v2\/users\/5"}],"replies":[{"embeddable":true,"href":"http:\/\/dsrmedios.com.ar\/diario\/wp-json\/wp\/v2\/comments?post=17689"}],"version-history":[{"count":1,"href":"http:\/\/dsrmedios.com.ar\/diario\/wp-json\/wp\/v2\/posts\/17689\/revisions"}],"predecessor-version":[{"id":17691,"href":"http:\/\/dsrmedios.com.ar\/diario\/wp-json\/wp\/v2\/posts\/17689\/revisions\/17691"}],"wp:featuredmedia":[{"embeddable":true,"href":"http:\/\/dsrmedios.com.ar\/diario\/wp-json\/wp\/v2\/media\/17690"}],"wp:attachment":[{"href":"http:\/\/dsrmedios.com.ar\/diario\/wp-json\/wp\/v2\/media?parent=17689"}],"wp:term":[{"taxonomy":"category","embeddable":true,"href":"http:\/\/dsrmedios.com.ar\/diario\/wp-json\/wp\/v2\/categories?post=17689"},{"taxonomy":"post_tag","embeddable":true,"href":"http:\/\/dsrmedios.com.ar\/diario\/wp-json\/wp\/v2\/tags?post=17689"}],"curies":[{"name":"wp","href":"https:\/\/api.w.org\/{rel}","templated":true}]}}