{"id":17649,"date":"2020-03-06T08:56:49","date_gmt":"2020-03-06T11:56:49","guid":{"rendered":"http:\/\/dsrmedios.com.ar\/diario\/?p=17649"},"modified":"2020-03-06T08:56:54","modified_gmt":"2020-03-06T11:56:54","slug":"el-diputado-balbin-se-reunio-con-intendentes-de-la-ucr","status":"publish","type":"post","link":"http:\/\/dsrmedios.com.ar\/diario\/archivos\/17649","title":{"rendered":"El diputado Balbin se reuni\u00f3 con intendentes de la UCR"},"content":{"rendered":"\n<p>\u201cConfiamos en que el Gobernador cumplir\u00e1 su palabra y gobernar\u00e1 para todos por igual\u201d <\/p>\n\n\n\n<p>Lo dijo el diputado Emiliano Balb\u00edn en un encuentro entre legisladores e intendentes del radicalismo. \u201cLa idea es seguir apostando a Juntos por el Cambio y fortalecer la UCR\u201d, agreg\u00f3. Tambi\u00e9n acordaron trabajar en conjunto para gestionar ante los gobiernos nacional y provincial.<\/p>\n\n\n\n<p>Se reunieron legisladores provinciales e integrantes de la mesa de intendentes de la UCR, en la sede del Comit\u00e9 Nacional de ese partido, y abordaron el tratamiento en conjunto de los diversos temas referidos a la gesti\u00f3n de cada uno en particular, y al trabajo que realizar\u00e1n de aqu\u00ed en adelante.<\/p>\n\n\n\n<p>La idea que surgi\u00f3 de esa reuni\u00f3n es, de ac\u00e1 en m\u00e1s, trabajar en forma articulada y en equipo. Compartir agenda y hacer m\u00e1s peri\u00f3dicas las reuniones.<\/p>\n\n\n\n<p>Adem\u00e1s, quedaron en trabajar por la continuidad del Fondo de Infraestructura Municipal, esa herramienta de gesti\u00f3n que creo el gobierno de Mar\u00eda Eugenia Vidal y que tantas obras permiti\u00f3 hacer a lo largo y ancho de la Provincia a todos los municipios por igual, sin importar el color pol\u00edtico de su gobierno. Tambi\u00e9n sobre la necesidad de contar con un presupuesto provincial lo m\u00e1s pronto posible.<\/p>\n\n\n\n<p>&#8220;Siempre trabajamos muy bien con los intendentes radicales y hoy es fundamental que fortalezcamos ese v\u00ednculo, porque yo recuerdo bien y acompa\u00f1aba desde la militancia, los veintiocho a\u00f1os que padecieron la discriminaci\u00f3n por el color pol\u00edtico\u201d, expres\u00f3 Balb\u00edn, para agregar que \u201cconfiamos en que el Gobernador (Kicillof) cumplir\u00e1 su palabra y gobernar\u00e1 para todos por igual. Estaremos atentos y articulando acciones para que en todo el territorio provincial mejore la calidad de vida de los bonaerenses&#8221;<\/p>\n\n\n\n<p>Estuvieron presentes en la reuni\u00f3n, adem\u00e1s del propio Emiliano Balb\u00edn, los legisladores Maximiliano Abad, Anah\u00ed Bilbao, Alejandra Lorden, Sandra Par\u00eds, Flavia Delmonte, Melisa Greco, Leandro Blanco, Valent\u00edn Miranda, Agust\u00edn M\u00e1spoli, Emiliano Lasala Reparaz,  y Luis Cellillo; y los intendentes Miguel Fern\u00e1ndez, Maximiliano Suesc\u00fan, Alejandro Federico, Jos\u00e9 Luis Salom\u00f3n, y Daniel Cappelletti.<\/p>\n","protected":false},"excerpt":{"rendered":"<div class=\"mh-excerpt\"><p>\u201cConfiamos en que el Gobernador cumplir\u00e1 su palabra y gobernar\u00e1 para todos por igual\u201d Lo dijo el diputado Emiliano Balb\u00edn en un encuentro entre legisladores e intendentes del radicalismo. \u201cLa idea es seguir apostando a Juntos por el Cambio y fortalecer la UCR\u201d, agreg\u00f3. Tambi\u00e9n acordaron trabajar en conjunto para gestionar ante los gobiernos nacional y provincial. Se reunieron legisladores provinciales e integrantes de la mesa de intendentes de la UCR, en la sede del Comit\u00e9 Nacional de ese partido, y abordaron el tratamiento en conjunto de los diversos temas referidos a la gesti\u00f3n de cada uno en particular, y <a class=\"mh-excerpt-more\" href=\"http:\/\/dsrmedios.com.ar\/diario\/archivos\/17649\" title=\"El diputado Balbin se reuni\u00f3 con intendentes de la UCR\">[Leer m\u00e1s]<\/a><\/p>\n<\/div>","protected":false},"author":5,"featured_media":17650,"comment_status":"open","ping_status":"closed","sticky":false,"template":"","format":"standard","meta":{"_jetpack_newsletter_access":""},"categories":[18,31],"tags":[],"jetpack_featured_media_url":"http:\/\/dsrmedios.com.ar\/diario\/wp-content\/uploads\/2020\/03\/emi-balbin.jpeg","jetpack_sharing_enabled":true,"jetpack_shortlink":"https:\/\/wp.me\/p9fihK-4AF","_links":{"self":[{"href":"http:\/\/dsrmedios.com.ar\/diario\/wp-json\/wp\/v2\/posts\/17649"}],"collection":[{"href":"http:\/\/dsrmedios.com.ar\/diario\/wp-json\/wp\/v2\/posts"}],"about":[{"href":"http:\/\/dsrmedios.com.ar\/diario\/wp-json\/wp\/v2\/types\/post"}],"author":[{"embeddable":true,"href":"http:\/\/dsrmedios.com.ar\/diario\/wp-json\/wp\/v2\/users\/5"}],"replies":[{"embeddable":true,"href":"http:\/\/dsrmedios.com.ar\/diario\/wp-json\/wp\/v2\/comments?post=17649"}],"version-history":[{"count":1,"href":"http:\/\/dsrmedios.com.ar\/diario\/wp-json\/wp\/v2\/posts\/17649\/revisions"}],"predecessor-version":[{"id":17651,"href":"http:\/\/dsrmedios.com.ar\/diario\/wp-json\/wp\/v2\/posts\/17649\/revisions\/17651"}],"wp:featuredmedia":[{"embeddable":true,"href":"http:\/\/dsrmedios.com.ar\/diario\/wp-json\/wp\/v2\/media\/17650"}],"wp:attachment":[{"href":"http:\/\/dsrmedios.com.ar\/diario\/wp-json\/wp\/v2\/media?parent=17649"}],"wp:term":[{"taxonomy":"category","embeddable":true,"href":"http:\/\/dsrmedios.com.ar\/diario\/wp-json\/wp\/v2\/categories?post=17649"},{"taxonomy":"post_tag","embeddable":true,"href":"http:\/\/dsrmedios.com.ar\/diario\/wp-json\/wp\/v2\/tags?post=17649"}],"curies":[{"name":"wp","href":"https:\/\/api.w.org\/{rel}","templated":true}]}}