{"id":17638,"date":"2020-03-05T10:38:00","date_gmt":"2020-03-05T13:38:00","guid":{"rendered":"http:\/\/dsrmedios.com.ar\/diario\/?p=17638"},"modified":"2020-03-05T10:38:04","modified_gmt":"2020-03-05T13:38:04","slug":"el-campo-se-prepara-para-anunciar-un-paro","status":"publish","type":"post","link":"http:\/\/dsrmedios.com.ar\/diario\/archivos\/17638","title":{"rendered":"El campo se prepara para anunciar un paro?"},"content":{"rendered":"\n<p>Pese a las palabras del presidente quien asegur\u00f3 que el campo \u201ctom\u00f3 bien\u201d las \u00faltimas medidas econ\u00f3micas, CARPAB anunci\u00f3 que la pr\u00f3xima semana habr\u00e1 una medida de fuerza.<br>\nEl debate y las negociaciones por el esquema de retenciones parece que reci\u00e9n comienza. Lejos de menguar la tensi\u00f3n se acrecienta y podr\u00eda llegar a un paro del campo. Es que, a pesar de que el presidente Alberto Fern\u00e1ndez, inform\u00f3 que los productores aceptaron y \u201ctomaron bien\u201d las \u00faltimas medidas econ\u00f3micas, desde la Confederaci\u00f3n de Asociaciones Rurales de Buenos Aires y La Pampa (Carbap), lo desmienten.<\/p>\n\n\n\n<p>El titular de la confederaci\u00f3n, Mat\u00edas de Velazco, asegur\u00f3 este jueves que en las pr\u00f3ximas horas anunciar\u00e1n un paro para la semana que viene en respuestas a la suba de las retenciones dispuesta por el Gobierno nacional.<\/p>\n\n\n\n<p>&#8220;Se va a declarar un paro, que ya est\u00e1 pautado para la semana que viene&#8221;, adelant\u00f3 el presidente de Carbap en una entrevista concedida a Radio Rivadavia y agreg\u00f3: &#8220;Si encima de todo esto suben las retenciones a la carne estamos complicados; por eso, seguramente vamos a ir a un paro&#8221;.<\/p>\n","protected":false},"excerpt":{"rendered":"<div class=\"mh-excerpt\"><p>Pese a las palabras del presidente quien asegur\u00f3 que el campo \u201ctom\u00f3 bien\u201d las \u00faltimas medidas econ\u00f3micas, CARPAB anunci\u00f3 que la pr\u00f3xima semana habr\u00e1 una medida de fuerza. El debate y las negociaciones por el esquema de retenciones parece que reci\u00e9n comienza. Lejos de menguar la tensi\u00f3n se acrecienta y podr\u00eda llegar a un paro del campo. Es que, a pesar de que el presidente Alberto Fern\u00e1ndez, inform\u00f3 que los productores aceptaron y \u201ctomaron bien\u201d las \u00faltimas medidas econ\u00f3micas, desde la Confederaci\u00f3n de Asociaciones Rurales de Buenos Aires y La Pampa (Carbap), lo desmienten. El titular de la confederaci\u00f3n, Mat\u00edas <a class=\"mh-excerpt-more\" href=\"http:\/\/dsrmedios.com.ar\/diario\/archivos\/17638\" title=\"El campo se prepara para anunciar un paro?\">[Leer m\u00e1s]<\/a><\/p>\n<\/div>","protected":false},"author":5,"featured_media":17639,"comment_status":"open","ping_status":"closed","sticky":false,"template":"","format":"standard","meta":{"_jetpack_newsletter_access":""},"categories":[18,6],"tags":[],"jetpack_featured_media_url":"http:\/\/dsrmedios.com.ar\/diario\/wp-content\/uploads\/2020\/03\/parocampo.jpg","jetpack_sharing_enabled":true,"jetpack_shortlink":"https:\/\/wp.me\/p9fihK-4Au","_links":{"self":[{"href":"http:\/\/dsrmedios.com.ar\/diario\/wp-json\/wp\/v2\/posts\/17638"}],"collection":[{"href":"http:\/\/dsrmedios.com.ar\/diario\/wp-json\/wp\/v2\/posts"}],"about":[{"href":"http:\/\/dsrmedios.com.ar\/diario\/wp-json\/wp\/v2\/types\/post"}],"author":[{"embeddable":true,"href":"http:\/\/dsrmedios.com.ar\/diario\/wp-json\/wp\/v2\/users\/5"}],"replies":[{"embeddable":true,"href":"http:\/\/dsrmedios.com.ar\/diario\/wp-json\/wp\/v2\/comments?post=17638"}],"version-history":[{"count":1,"href":"http:\/\/dsrmedios.com.ar\/diario\/wp-json\/wp\/v2\/posts\/17638\/revisions"}],"predecessor-version":[{"id":17640,"href":"http:\/\/dsrmedios.com.ar\/diario\/wp-json\/wp\/v2\/posts\/17638\/revisions\/17640"}],"wp:featuredmedia":[{"embeddable":true,"href":"http:\/\/dsrmedios.com.ar\/diario\/wp-json\/wp\/v2\/media\/17639"}],"wp:attachment":[{"href":"http:\/\/dsrmedios.com.ar\/diario\/wp-json\/wp\/v2\/media?parent=17638"}],"wp:term":[{"taxonomy":"category","embeddable":true,"href":"http:\/\/dsrmedios.com.ar\/diario\/wp-json\/wp\/v2\/categories?post=17638"},{"taxonomy":"post_tag","embeddable":true,"href":"http:\/\/dsrmedios.com.ar\/diario\/wp-json\/wp\/v2\/tags?post=17638"}],"curies":[{"name":"wp","href":"https:\/\/api.w.org\/{rel}","templated":true}]}}