{"id":17594,"date":"2020-03-03T21:09:42","date_gmt":"2020-03-04T00:09:42","guid":{"rendered":"http:\/\/dsrmedios.com.ar\/diario\/?p=17594"},"modified":"2020-03-03T17:10:40","modified_gmt":"2020-03-03T20:10:40","slug":"es-oficial-el-aumento-a-las-retenciones-de-la-soja","status":"publish","type":"post","link":"http:\/\/dsrmedios.com.ar\/diario\/archivos\/17594","title":{"rendered":"Es oficial el aumento a las retenciones de la Soja"},"content":{"rendered":"\n<p>Pasar\u00e1n del 30 al 33 por ciento para los grandes productores, mientras que los medianos continuar\u00e1n pagando el 30 y a los peque\u00f1os se les reducir\u00e1 la carga impositiva. \u201cEl Tesoro Nacional no se queda con un peso para gastos generales\u201d, aseguraron.<br>\nEl Gobierno nacional confirm\u00f3 que aumentar\u00e1 las retenciones a la soja, que pasar\u00e1n del 30 al 33 por ciento. El anuncio fue transmitido hoy por el ministro de Agricultura de la Naci\u00f3n, Luis Basterra, durante la reuni\u00f3n que mantuvo con los dirigentes de la Mesa de Enlace.<\/p>\n\n\n\n<p>Se trata del segundo incremento que implementa el gobierno de Alberto Fern\u00e1ndez sobre la exportaci\u00f3n de soja. Cabe recordar que el primer aumento elev\u00f3 el impuesto del 24,5 al 30 por ciento. En aquel entonces, el oficialismo prefiri\u00f3 denominarlo \u201cactualizaci\u00f3n\u201d, producto de una reconfiguraci\u00f3n en el esquema impositivo por la devaluaci\u00f3n del peso durante el \u00faltimo tramo de la gesti\u00f3n de Mauricio Macri.<\/p>\n\n\n\n<p>El Ministro recibi\u00f3 esta ma\u00f1ana a los titulares de las cuatro entidades agropecuarias que conforman la Mesa de Enlace. All\u00ed estuvieron el presidente de la Sociedad Rural Argentina, Daniel Pelegrina, el de la Federaci\u00f3n Agraria, Carlos Achetoni, el titular de Coninagro, Carlos Iannizzotto, y el presidente de las Confederaciones Rurales Argentina, Jorge Chemes.<\/p>\n","protected":false},"excerpt":{"rendered":"<div class=\"mh-excerpt\"><p>Pasar\u00e1n del 30 al 33 por ciento para los grandes productores, mientras que los medianos continuar\u00e1n pagando el 30 y a los peque\u00f1os se les reducir\u00e1 la carga impositiva. \u201cEl Tesoro Nacional no se queda con un peso para gastos generales\u201d, aseguraron. El Gobierno nacional confirm\u00f3 que aumentar\u00e1 las retenciones a la soja, que pasar\u00e1n del 30 al 33 por ciento. El anuncio fue transmitido hoy por el ministro de Agricultura de la Naci\u00f3n, Luis Basterra, durante la reuni\u00f3n que mantuvo con los dirigentes de la Mesa de Enlace. Se trata del segundo incremento que implementa el gobierno de Alberto <a class=\"mh-excerpt-more\" href=\"http:\/\/dsrmedios.com.ar\/diario\/archivos\/17594\" title=\"Es oficial el aumento a las retenciones de la Soja\">[Leer m\u00e1s]<\/a><\/p>\n<\/div>","protected":false},"author":5,"featured_media":6757,"comment_status":"open","ping_status":"closed","sticky":false,"template":"","format":"standard","meta":{"_jetpack_newsletter_access":""},"categories":[18,6],"tags":[],"jetpack_featured_media_url":"http:\/\/dsrmedios.com.ar\/diario\/wp-content\/uploads\/2018\/07\/sojadolares_grande.png","jetpack_sharing_enabled":true,"jetpack_shortlink":"https:\/\/wp.me\/p9fihK-4zM","_links":{"self":[{"href":"http:\/\/dsrmedios.com.ar\/diario\/wp-json\/wp\/v2\/posts\/17594"}],"collection":[{"href":"http:\/\/dsrmedios.com.ar\/diario\/wp-json\/wp\/v2\/posts"}],"about":[{"href":"http:\/\/dsrmedios.com.ar\/diario\/wp-json\/wp\/v2\/types\/post"}],"author":[{"embeddable":true,"href":"http:\/\/dsrmedios.com.ar\/diario\/wp-json\/wp\/v2\/users\/5"}],"replies":[{"embeddable":true,"href":"http:\/\/dsrmedios.com.ar\/diario\/wp-json\/wp\/v2\/comments?post=17594"}],"version-history":[{"count":1,"href":"http:\/\/dsrmedios.com.ar\/diario\/wp-json\/wp\/v2\/posts\/17594\/revisions"}],"predecessor-version":[{"id":17595,"href":"http:\/\/dsrmedios.com.ar\/diario\/wp-json\/wp\/v2\/posts\/17594\/revisions\/17595"}],"wp:featuredmedia":[{"embeddable":true,"href":"http:\/\/dsrmedios.com.ar\/diario\/wp-json\/wp\/v2\/media\/6757"}],"wp:attachment":[{"href":"http:\/\/dsrmedios.com.ar\/diario\/wp-json\/wp\/v2\/media?parent=17594"}],"wp:term":[{"taxonomy":"category","embeddable":true,"href":"http:\/\/dsrmedios.com.ar\/diario\/wp-json\/wp\/v2\/categories?post=17594"},{"taxonomy":"post_tag","embeddable":true,"href":"http:\/\/dsrmedios.com.ar\/diario\/wp-json\/wp\/v2\/tags?post=17594"}],"curies":[{"name":"wp","href":"https:\/\/api.w.org\/{rel}","templated":true}]}}