{"id":17592,"date":"2020-03-03T17:07:59","date_gmt":"2020-03-03T20:07:59","guid":{"rendered":"http:\/\/dsrmedios.com.ar\/diario\/?p=17592"},"modified":"2020-03-03T17:08:03","modified_gmt":"2020-03-03T20:08:03","slug":"confirman-primer-caso-de-coronavirus-en-argentina","status":"publish","type":"post","link":"http:\/\/dsrmedios.com.ar\/diario\/archivos\/17592","title":{"rendered":"Confirman primer caso de coronavirus en Argentina"},"content":{"rendered":"\n<p>El coronavirus lleg\u00f3 a la Argentina. Este martes, las autoridades sanitarias confirmaron que un paciente contrajo el virus.<\/p>\n\n\n\n<p>Se trata de un hombre de 43 a\u00f1os que la semana pasada volvi\u00f3 de vacaciones de Mil\u00e1n, Italia (tambi\u00e9n pas\u00f3 por Barcelona, Espa\u00f1a) v\u00eda un vuelo directo de Alitalia.<\/p>\n\n\n\n<p>El domingo a la noche levant\u00f3 fiebre y empez\u00f3 a mostrar complicaciones respiratorias. Inmediatamente fue a la sede de la cl\u00ednica Suizo Argentina en avenida Pueyrred\u00f3n y avenida Santa Fe y qued\u00f3 aislado.<\/p>\n\n\n\n<p>Luego de que las autoridades del hospital le realizaran los respectivos estudios y tras la confirmaci\u00f3n de que tiene el Covid-19 gracias a la colaboraci\u00f3n de los profesionales del hospital Malbr\u00e1n, el hombre se encuentra bajo tratamiento en ese centro m\u00e9dico en el barrio de Recoleta.<\/p>\n\n\n\n<p>Luego de que el mismo domingo se activada el protocolo en coordinaci\u00f3n entre los ministerios de Salud de la Naci\u00f3n y la ciudad de Buenos Aires, las autoridades buscaron los datos de los pasajeros que estaban sentados alrededor del hombre infectado en el avi\u00f3n que lo trajo de Europa para realizarles un seguimiento.<\/p>\n","protected":false},"excerpt":{"rendered":"<div class=\"mh-excerpt\"><p>El coronavirus lleg\u00f3 a la Argentina. Este martes, las autoridades sanitarias confirmaron que un paciente contrajo el virus. Se trata de un hombre de 43 a\u00f1os que la semana pasada volvi\u00f3 de vacaciones de Mil\u00e1n, Italia (tambi\u00e9n pas\u00f3 por Barcelona, Espa\u00f1a) v\u00eda un vuelo directo de Alitalia. El domingo a la noche levant\u00f3 fiebre y empez\u00f3 a mostrar complicaciones respiratorias. Inmediatamente fue a la sede de la cl\u00ednica Suizo Argentina en avenida Pueyrred\u00f3n y avenida Santa Fe y qued\u00f3 aislado. Luego de que las autoridades del hospital le realizaran los respectivos estudios y tras la confirmaci\u00f3n de que tiene el <a class=\"mh-excerpt-more\" href=\"http:\/\/dsrmedios.com.ar\/diario\/archivos\/17592\" title=\"Confirman primer caso de coronavirus en Argentina\">[Leer m\u00e1s]<\/a><\/p>\n<\/div>","protected":false},"author":5,"featured_media":17077,"comment_status":"open","ping_status":"closed","sticky":false,"template":"","format":"standard","meta":{"_jetpack_newsletter_access":""},"categories":[18,6],"tags":[],"jetpack_featured_media_url":"http:\/\/dsrmedios.com.ar\/diario\/wp-content\/uploads\/2020\/01\/24-1-coronavirus-argentina.jpg","jetpack_sharing_enabled":true,"jetpack_shortlink":"https:\/\/wp.me\/p9fihK-4zK","_links":{"self":[{"href":"http:\/\/dsrmedios.com.ar\/diario\/wp-json\/wp\/v2\/posts\/17592"}],"collection":[{"href":"http:\/\/dsrmedios.com.ar\/diario\/wp-json\/wp\/v2\/posts"}],"about":[{"href":"http:\/\/dsrmedios.com.ar\/diario\/wp-json\/wp\/v2\/types\/post"}],"author":[{"embeddable":true,"href":"http:\/\/dsrmedios.com.ar\/diario\/wp-json\/wp\/v2\/users\/5"}],"replies":[{"embeddable":true,"href":"http:\/\/dsrmedios.com.ar\/diario\/wp-json\/wp\/v2\/comments?post=17592"}],"version-history":[{"count":1,"href":"http:\/\/dsrmedios.com.ar\/diario\/wp-json\/wp\/v2\/posts\/17592\/revisions"}],"predecessor-version":[{"id":17593,"href":"http:\/\/dsrmedios.com.ar\/diario\/wp-json\/wp\/v2\/posts\/17592\/revisions\/17593"}],"wp:featuredmedia":[{"embeddable":true,"href":"http:\/\/dsrmedios.com.ar\/diario\/wp-json\/wp\/v2\/media\/17077"}],"wp:attachment":[{"href":"http:\/\/dsrmedios.com.ar\/diario\/wp-json\/wp\/v2\/media?parent=17592"}],"wp:term":[{"taxonomy":"category","embeddable":true,"href":"http:\/\/dsrmedios.com.ar\/diario\/wp-json\/wp\/v2\/categories?post=17592"},{"taxonomy":"post_tag","embeddable":true,"href":"http:\/\/dsrmedios.com.ar\/diario\/wp-json\/wp\/v2\/tags?post=17592"}],"curies":[{"name":"wp","href":"https:\/\/api.w.org\/{rel}","templated":true}]}}