{"id":17560,"date":"2020-03-03T08:11:14","date_gmt":"2020-03-03T11:11:14","guid":{"rendered":"http:\/\/dsrmedios.com.ar\/diario\/?p=17560"},"modified":"2020-03-03T08:11:19","modified_gmt":"2020-03-03T11:11:19","slug":"vacuna-gratuita-contra-la-meningitis-en-toda-la-provincia","status":"publish","type":"post","link":"http:\/\/dsrmedios.com.ar\/diario\/archivos\/17560","title":{"rendered":"Vacuna gratuita contra la meningitis en toda la provincia"},"content":{"rendered":"\n<p>Luego de 3 a\u00f1os de faltantes de vacunas, este lunes comenzaron a aplicarse las dosis gratuitas contra la meningitis en toda la provincia de Buenos Aires.<\/p>\n\n\n\n<p>Las 453.740 dosis contra la meningitis se distribuyeron la semana pasada en las 12 regiones sanitarias y este lunes empezaron a aplicarse.  Las vacunas forman parte de una inversi\u00f3n del Gobierno Nacional en conjunto con la gesti\u00f3n del gobernador Axel Kicillof. Su distribuci\u00f3n fue una gesti\u00f3n del Ministerio de Salud de la Provincia de Buenos Aires y ahora son los municipios los que est\u00e1n abasteciendo a los vacunatorios.<\/p>\n\n\n\n<p>En ese marco, el viceministro de salud bonaerense Nicol\u00e1s Kreplak visit\u00f3 el Hospital Subzonal Especializado &#8220;Elina de la Serna&#8221; de La Plata  (Ex Casa del Ni\u00f1o de La Plata), para presenciar el momento en que uno de los vacunatorios m\u00e1s importantes de la regi\u00f3n vuelve a aplicar de manera gratuita esta obligatoria e imprescindible inmunizaci\u00f3n.<\/p>\n\n\n\n<p>&#8220;La vacuna antomeningocoquica lleg\u00f3 hoy al hospital despu\u00e9s de dos a\u00f1os de falta, y ya empezamos a vacunar&#8221;, anunci\u00f3 el director del establecimiento sanitario, Juan Pablo Cocozella. Y agreg\u00f3: &#8220;Luego de una recorrida nos reunimos con el viceministro y todos los jefes de servicio de las distintas \u00e1reas, durante la cual planteamos inquietudes puntuales y nos pusimos a disposici\u00f3n del ministerio para articular distintas pol\u00edticas p\u00fablicas&#8221;, detall\u00f3.<\/p>\n\n\n\n<p>Las vacunas contra la meningitis que est\u00e1n siendo aplicadas en el &#8220;Elina de Serna&#8221;, y en el resto del territorio bonaerense, corresponden a la partida las 361.440 dosis de Menveo y 92.300 dosis de Menactra que llegaron a la Provincia a partir de una inversi\u00f3n del Gobierno Nacional y de la gesti\u00f3n del ministerio de Salud de la Naci\u00f3n, por la cual se liberaron m\u00e1s de 12 millones de dosis que estuvieron retenidas en la Aduana por varios meses, debido a la falta de pago de tasas aduaneras durante el gobierno anterior.<\/p>\n","protected":false},"excerpt":{"rendered":"<div class=\"mh-excerpt\"><p>Luego de 3 a\u00f1os de faltantes de vacunas, este lunes comenzaron a aplicarse las dosis gratuitas contra la meningitis en toda la provincia de Buenos Aires. Las 453.740 dosis contra la meningitis se distribuyeron la semana pasada en las 12 regiones sanitarias y este lunes empezaron a aplicarse. Las vacunas forman parte de una inversi\u00f3n del Gobierno Nacional en conjunto con la gesti\u00f3n del gobernador Axel Kicillof. Su distribuci\u00f3n fue una gesti\u00f3n del Ministerio de Salud de la Provincia de Buenos Aires y ahora son los municipios los que est\u00e1n abasteciendo a los vacunatorios. En ese marco, el viceministro de <a class=\"mh-excerpt-more\" href=\"http:\/\/dsrmedios.com.ar\/diario\/archivos\/17560\" title=\"Vacuna gratuita contra la meningitis en toda la provincia\">[Leer m\u00e1s]<\/a><\/p>\n<\/div>","protected":false},"author":5,"featured_media":8568,"comment_status":"open","ping_status":"closed","sticky":false,"template":"","format":"standard","meta":{"_jetpack_newsletter_access":""},"categories":[18,31],"tags":[],"jetpack_featured_media_url":"http:\/\/dsrmedios.com.ar\/diario\/wp-content\/uploads\/2018\/09\/vacunacion.jpg","jetpack_sharing_enabled":true,"jetpack_shortlink":"https:\/\/wp.me\/p9fihK-4ze","_links":{"self":[{"href":"http:\/\/dsrmedios.com.ar\/diario\/wp-json\/wp\/v2\/posts\/17560"}],"collection":[{"href":"http:\/\/dsrmedios.com.ar\/diario\/wp-json\/wp\/v2\/posts"}],"about":[{"href":"http:\/\/dsrmedios.com.ar\/diario\/wp-json\/wp\/v2\/types\/post"}],"author":[{"embeddable":true,"href":"http:\/\/dsrmedios.com.ar\/diario\/wp-json\/wp\/v2\/users\/5"}],"replies":[{"embeddable":true,"href":"http:\/\/dsrmedios.com.ar\/diario\/wp-json\/wp\/v2\/comments?post=17560"}],"version-history":[{"count":1,"href":"http:\/\/dsrmedios.com.ar\/diario\/wp-json\/wp\/v2\/posts\/17560\/revisions"}],"predecessor-version":[{"id":17561,"href":"http:\/\/dsrmedios.com.ar\/diario\/wp-json\/wp\/v2\/posts\/17560\/revisions\/17561"}],"wp:featuredmedia":[{"embeddable":true,"href":"http:\/\/dsrmedios.com.ar\/diario\/wp-json\/wp\/v2\/media\/8568"}],"wp:attachment":[{"href":"http:\/\/dsrmedios.com.ar\/diario\/wp-json\/wp\/v2\/media?parent=17560"}],"wp:term":[{"taxonomy":"category","embeddable":true,"href":"http:\/\/dsrmedios.com.ar\/diario\/wp-json\/wp\/v2\/categories?post=17560"},{"taxonomy":"post_tag","embeddable":true,"href":"http:\/\/dsrmedios.com.ar\/diario\/wp-json\/wp\/v2\/tags?post=17560"}],"curies":[{"name":"wp","href":"https:\/\/api.w.org\/{rel}","templated":true}]}}