{"id":17552,"date":"2020-03-03T08:06:45","date_gmt":"2020-03-03T11:06:45","guid":{"rendered":"http:\/\/dsrmedios.com.ar\/diario\/?p=17552"},"modified":"2020-03-03T08:06:49","modified_gmt":"2020-03-03T11:06:49","slug":"el-gobernador-kicillof-inauguro-las-sesiones-de-las-camaras-legislativas","status":"publish","type":"post","link":"http:\/\/dsrmedios.com.ar\/diario\/archivos\/17552","title":{"rendered":"El Gobernador Kicillof inaugur\u00f3 las sesiones de las c\u00e1maras legislativas"},"content":{"rendered":"\n<p>El gobernador bonaerense Axel Kicillof dej\u00f3 inaugurado el per\u00edodo 148 de sesiones ordinarias ante la Asamblea Legislativa donde dio un discurso repitiendo la herencia recibida y no haciendo pr\u00e1cticamente anuncios.<\/p>\n\n\n\n<p>\u201cEn estos 82 d\u00edas estamos poniendo en marcha a la provincia de Buenos Aires\u201d, comenz\u00f3 el mandatario provincial y celebr\u00f3 el inicio del ciclo lectivo en tiempo y forma: \u201cEn la provincia los \u00fanicos privilegiados son los ni\u00f1os y las ni\u00f1as\u201d, enfatiz\u00f3.<\/p>\n\n\n\n<p>Tambi\u00e9n valor\u00f3 que la temporada estival en la costa bonaerense fue \u201cla mejor de los \u00faltimos cuatro a\u00f1os\u201d y lo adjudic\u00f3 a que  &#8220;dej\u00f3 de subir sin control la tarifa de luz y gas, por decisi\u00f3n del gobierno provincial dej\u00f3 de subir el peaje, dejaron de subir las naftas, se tomaron medidas para peque\u00f1as y medianas empresas. Dimos m\u00e1s certidumbre, aument\u00f3 la demanda&#8221;.<\/p>\n\n\n\n<p>Pasada la  hora y media de discurso hizo un par de anuncios: La fiesta del bicentenario de las Mujeres y convertir a la provincia de Buenos Aires en una provincia petrolera.<\/p>\n\n\n\n<p>&#8220;El 8 de marzo es el d\u00eda de las mujeres. Vamos a organizar la fiesta del Bicentenario de las Mujeres de la provincia de Buenos Aires y vamos a rescatar figuras hist\u00f3ricas&#8221;, anticip\u00f3.<\/p>\n\n\n\n<p>As\u00ed tambi\u00e9n, detall\u00f3: &#8220;El petr\u00f3leo crudo se produce en diez provincias, muchas de ellas patag\u00f3nicas, pero el ochenta por ciento de ese producto se destila en Buenos Aires&#8221;, y agreg\u00f3 que es en esta jurisdicci\u00f3n en la que &#8220;sale por los puertos&#8221; esa materia prima e &#8220;ingresa lo que se exporta&#8221;. &#8220;Nuestro entramado productivo tiene que ser parte de Vaca Muerta&#8221;, dijo.<\/p>\n\n\n\n<p>Entre las frases m\u00e1s aplaudidas del discurso vale destacar la siguiente: &#8220;Este a\u00f1o cumplimos 200 a\u00f1os. A la Provincia de Buenos Aires no la van a dividir, no la van a achicar. Tenemos una tarea y es recuperar los elementos de su historia, mirando los elementos de su formaci\u00f3n. Hay que volver a recuperar la identidad de la Provincia&#8221;.<\/p>\n\n\n\n<p>Fuente:www.aninoticias.com<\/p>\n","protected":false},"excerpt":{"rendered":"<div class=\"mh-excerpt\"><p>El gobernador bonaerense Axel Kicillof dej\u00f3 inaugurado el per\u00edodo 148 de sesiones ordinarias ante la Asamblea Legislativa donde dio un discurso repitiendo la herencia recibida y no haciendo pr\u00e1cticamente anuncios. \u201cEn estos 82 d\u00edas estamos poniendo en marcha a la provincia de Buenos Aires\u201d, comenz\u00f3 el mandatario provincial y celebr\u00f3 el inicio del ciclo lectivo en tiempo y forma: \u201cEn la provincia los \u00fanicos privilegiados son los ni\u00f1os y las ni\u00f1as\u201d, enfatiz\u00f3. Tambi\u00e9n valor\u00f3 que la temporada estival en la costa bonaerense fue \u201cla mejor de los \u00faltimos cuatro a\u00f1os\u201d y lo adjudic\u00f3 a que &#8220;dej\u00f3 de subir sin control <a class=\"mh-excerpt-more\" href=\"http:\/\/dsrmedios.com.ar\/diario\/archivos\/17552\" title=\"El Gobernador Kicillof inaugur\u00f3 las sesiones de las c\u00e1maras legislativas\">[Leer m\u00e1s]<\/a><\/p>\n<\/div>","protected":false},"author":5,"featured_media":17553,"comment_status":"open","ping_status":"closed","sticky":false,"template":"","format":"standard","meta":{"_jetpack_newsletter_access":""},"categories":[18,7],"tags":[],"jetpack_featured_media_url":"http:\/\/dsrmedios.com.ar\/diario\/wp-content\/uploads\/2020\/03\/kici.asamblea.jpeg","jetpack_sharing_enabled":true,"jetpack_shortlink":"https:\/\/wp.me\/p9fihK-4z6","_links":{"self":[{"href":"http:\/\/dsrmedios.com.ar\/diario\/wp-json\/wp\/v2\/posts\/17552"}],"collection":[{"href":"http:\/\/dsrmedios.com.ar\/diario\/wp-json\/wp\/v2\/posts"}],"about":[{"href":"http:\/\/dsrmedios.com.ar\/diario\/wp-json\/wp\/v2\/types\/post"}],"author":[{"embeddable":true,"href":"http:\/\/dsrmedios.com.ar\/diario\/wp-json\/wp\/v2\/users\/5"}],"replies":[{"embeddable":true,"href":"http:\/\/dsrmedios.com.ar\/diario\/wp-json\/wp\/v2\/comments?post=17552"}],"version-history":[{"count":1,"href":"http:\/\/dsrmedios.com.ar\/diario\/wp-json\/wp\/v2\/posts\/17552\/revisions"}],"predecessor-version":[{"id":17554,"href":"http:\/\/dsrmedios.com.ar\/diario\/wp-json\/wp\/v2\/posts\/17552\/revisions\/17554"}],"wp:featuredmedia":[{"embeddable":true,"href":"http:\/\/dsrmedios.com.ar\/diario\/wp-json\/wp\/v2\/media\/17553"}],"wp:attachment":[{"href":"http:\/\/dsrmedios.com.ar\/diario\/wp-json\/wp\/v2\/media?parent=17552"}],"wp:term":[{"taxonomy":"category","embeddable":true,"href":"http:\/\/dsrmedios.com.ar\/diario\/wp-json\/wp\/v2\/categories?post=17552"},{"taxonomy":"post_tag","embeddable":true,"href":"http:\/\/dsrmedios.com.ar\/diario\/wp-json\/wp\/v2\/tags?post=17552"}],"curies":[{"name":"wp","href":"https:\/\/api.w.org\/{rel}","templated":true}]}}