{"id":17528,"date":"2020-03-01T08:31:21","date_gmt":"2020-03-01T11:31:21","guid":{"rendered":"http:\/\/dsrmedios.com.ar\/diario\/?p=17528"},"modified":"2020-03-01T08:31:26","modified_gmt":"2020-03-01T11:31:26","slug":"el-presidente-fernandez-abrira-hoy-las-sesiones-ordinarias-del-congreso-nacional","status":"publish","type":"post","link":"http:\/\/dsrmedios.com.ar\/diario\/archivos\/17528","title":{"rendered":"El Presidente Fern\u00e1ndez abrir\u00e1 hoy las sesiones Ordinarias del Congreso Nacional"},"content":{"rendered":"\n<p>Por primera vez en su vida pol\u00edtica, Alberto Fern\u00e1ndez abrir\u00e1 las sesiones ordinarias del Congreso de la Naci\u00f3n. Seg\u00fan lo previsto, la Asamblea Legislativa arrancar\u00e1 a las 10.30 y como es habitual tendr\u00e1 lugar en el recinto de la C\u00e1mara de Diputados. El PJ, distintas agrupaciones, y los partidos que integran el Frente de Todos convocaron a una enorme movilizaci\u00f3n bajo el lema \u201cTodos con Alberto\u201d, otra demostraci\u00f3n de la recuperaci\u00f3n de la calle del peronismo. Tambi\u00e9n movilizar\u00e1n las centrales obreras, la CGT, la CTA Aut\u00f3noma y la CTA de los Trabajadores.<\/p>\n\n\n\n<p>Hasta el viernes, \u00faltima sesi\u00f3n de extraordinarias en el Senado, el Congreso se movi\u00f3 acotado por el corset de los temas que envi\u00f3 el Presidente y que consider\u00f3 necesarios para la urgencia. En el Congreso de la Naci\u00f3n esperan el discurso de Alberto Fern\u00e1ndez que abrir\u00e1 el 138 per\u00edodo de las sesiones ordinarias con la expectativa de conocer el perfil que quiere para el Parlamento, su plan de gobierno y el margen que los legisladores propios tendr\u00e1n para avanzar en otros temas. Incluso el tono que le imprima marcar\u00e1 el rumbo de la gesti\u00f3n y hasta el v\u00ednculo con la oposici\u00f3n empa\u00f1ado el jueves en la sesi\u00f3n de Diputado donde se trat\u00f3 la reforma jubilatoria de jueces. As\u00ed como fue contundente el acompa\u00f1amiento para la renegociaci\u00f3n de la deuda que en Diputados s\u00f3lo tuvo dos votos en contra y una abstenci\u00f3n y en el Senado sali\u00f3 por unanimidad, fue fundacional de un nuevo tiempo la decisi\u00f3n de Juntos por el Cambio de retirarse del recinto y denunciar el atropello del oficialismo por la presencia de Daniel Scioli que no renunci\u00f3 a\u00fan para asumir como embajador y ayud\u00f3 a lograr el qu\u00f3rum. Repitieron frente a cada micr\u00f3fono disponible que se hab\u00eda pasado de los buenos modales a \u201clo peor del kirchnerismo\u201d. El Presidente ya respondi\u00f3 el viernes en declaraciones period\u00edsticas en las que cuestion\u00f3 a la Corte y a la oposici\u00f3n. Pero hoy lo har\u00e1 en un marco institucional acorde a su investidura.<\/p>\n\n\n\n<p>Fuente:www.infobae.com<\/p>\n","protected":false},"excerpt":{"rendered":"<div class=\"mh-excerpt\"><p>Por primera vez en su vida pol\u00edtica, Alberto Fern\u00e1ndez abrir\u00e1 las sesiones ordinarias del Congreso de la Naci\u00f3n. Seg\u00fan lo previsto, la Asamblea Legislativa arrancar\u00e1 a las 10.30 y como es habitual tendr\u00e1 lugar en el recinto de la C\u00e1mara de Diputados. El PJ, distintas agrupaciones, y los partidos que integran el Frente de Todos convocaron a una enorme movilizaci\u00f3n bajo el lema \u201cTodos con Alberto\u201d, otra demostraci\u00f3n de la recuperaci\u00f3n de la calle del peronismo. Tambi\u00e9n movilizar\u00e1n las centrales obreras, la CGT, la CTA Aut\u00f3noma y la CTA de los Trabajadores. Hasta el viernes, \u00faltima sesi\u00f3n de extraordinarias en <a class=\"mh-excerpt-more\" href=\"http:\/\/dsrmedios.com.ar\/diario\/archivos\/17528\" title=\"El Presidente Fern\u00e1ndez abrir\u00e1 hoy las sesiones Ordinarias del Congreso Nacional\">[Leer m\u00e1s]<\/a><\/p>\n<\/div>","protected":false},"author":5,"featured_media":17529,"comment_status":"open","ping_status":"closed","sticky":false,"template":"","format":"standard","meta":{"_jetpack_newsletter_access":""},"categories":[18,6],"tags":[],"jetpack_featured_media_url":"http:\/\/dsrmedios.com.ar\/diario\/wp-content\/uploads\/2020\/03\/fernandez.jpg","jetpack_sharing_enabled":true,"jetpack_shortlink":"https:\/\/wp.me\/p9fihK-4yI","_links":{"self":[{"href":"http:\/\/dsrmedios.com.ar\/diario\/wp-json\/wp\/v2\/posts\/17528"}],"collection":[{"href":"http:\/\/dsrmedios.com.ar\/diario\/wp-json\/wp\/v2\/posts"}],"about":[{"href":"http:\/\/dsrmedios.com.ar\/diario\/wp-json\/wp\/v2\/types\/post"}],"author":[{"embeddable":true,"href":"http:\/\/dsrmedios.com.ar\/diario\/wp-json\/wp\/v2\/users\/5"}],"replies":[{"embeddable":true,"href":"http:\/\/dsrmedios.com.ar\/diario\/wp-json\/wp\/v2\/comments?post=17528"}],"version-history":[{"count":1,"href":"http:\/\/dsrmedios.com.ar\/diario\/wp-json\/wp\/v2\/posts\/17528\/revisions"}],"predecessor-version":[{"id":17530,"href":"http:\/\/dsrmedios.com.ar\/diario\/wp-json\/wp\/v2\/posts\/17528\/revisions\/17530"}],"wp:featuredmedia":[{"embeddable":true,"href":"http:\/\/dsrmedios.com.ar\/diario\/wp-json\/wp\/v2\/media\/17529"}],"wp:attachment":[{"href":"http:\/\/dsrmedios.com.ar\/diario\/wp-json\/wp\/v2\/media?parent=17528"}],"wp:term":[{"taxonomy":"category","embeddable":true,"href":"http:\/\/dsrmedios.com.ar\/diario\/wp-json\/wp\/v2\/categories?post=17528"},{"taxonomy":"post_tag","embeddable":true,"href":"http:\/\/dsrmedios.com.ar\/diario\/wp-json\/wp\/v2\/tags?post=17528"}],"curies":[{"name":"wp","href":"https:\/\/api.w.org\/{rel}","templated":true}]}}