{"id":17508,"date":"2020-02-28T09:07:59","date_gmt":"2020-02-28T12:07:59","guid":{"rendered":"http:\/\/dsrmedios.com.ar\/diario\/?p=17508"},"modified":"2020-02-28T09:08:04","modified_gmt":"2020-02-28T12:08:04","slug":"el-hospital-de-cnel-suarez-sera-elevado-a-categoria-interzonal","status":"publish","type":"post","link":"http:\/\/dsrmedios.com.ar\/diario\/archivos\/17508","title":{"rendered":"El Hospital de Cnel. Su\u00e1rez ser\u00e1 elevado a categor\u00eda Interzonal"},"content":{"rendered":"\n<p>El intendente de Coronel Su\u00e1rez, Ricardo Moccero, asegur\u00f3 que la Provincia y la Naci\u00f3n proyectan poner en funcionamiento una subregi\u00f3n sanitaria con epicentro en esta ciudad y llevar al hospital municipal a la categor\u00eda de interzonal.<\/p>\n\n\n\n<p>El jefe comunal, que en las \u00faltimas horas mantuvo un encuentro con el gobernador Axel Kicillof, sostuvo que esta medida permitir\u00e1 descomprimir los gastos que hoy supone, por ejemplo, el \u00e1rea de Neonatolog\u00eda, en el cual se invierten 41 millones de pesos en forma anual.<\/p>\n\n\n\n<p>Si bien todav\u00eda no hay una fecha exacta para la resoluci\u00f3n, explic\u00f3 que esta se tomar\u00e1 en dos etapas.<\/p>\n\n\n\n<p>\u201cLa primera de ellas involucrar\u00eda al \u00e1rea de Neonatolog\u00eda mientras que en una segunda etapa se incluir\u00e1 el Hospital, que dejar\u00edan de ser municipales, por lo que las 13 camas de Neonatolog\u00eda ser\u00e1n utilizadas por igual por toda la regi\u00f3n\u201d, dijo el Intendente Ricardo Moccero.<\/p>\n\n\n\n<p>Moccero se\u00f1al\u00f3 que, en t\u00e9rminos pr\u00e1cticos, el que ambas dependencias sean interzonales supone que los gastos de los mismos sean absorbidos por Naci\u00f3n.<\/p>\n\n\n\n<p>\u201cEs fundamental este paso para descomprimir el presupuesto y hacer un municipio sustentable, ya que el 60% del presupuesto se va al \u00e1rea de Salud. Es cierto que nos va a disminuir lo que recibimos por coparticipaci\u00f3n -entre 100 a 200 millones de pesos- pero reduciremos en 500 millones los gastos en el \u00e1rea de Salud\u201d, confirm\u00f3. <\/p>\n\n\n\n<p>Fuente: www.lanueva.com &#8211; Agencia Coronel Su\u00e1rez.<\/p>\n","protected":false},"excerpt":{"rendered":"<div class=\"mh-excerpt\"><p>El intendente de Coronel Su\u00e1rez, Ricardo Moccero, asegur\u00f3 que la Provincia y la Naci\u00f3n proyectan poner en funcionamiento una subregi\u00f3n sanitaria con epicentro en esta ciudad y llevar al hospital municipal a la categor\u00eda de interzonal. El jefe comunal, que en las \u00faltimas horas mantuvo un encuentro con el gobernador Axel Kicillof, sostuvo que esta medida permitir\u00e1 descomprimir los gastos que hoy supone, por ejemplo, el \u00e1rea de Neonatolog\u00eda, en el cual se invierten 41 millones de pesos en forma anual. Si bien todav\u00eda no hay una fecha exacta para la resoluci\u00f3n, explic\u00f3 que esta se tomar\u00e1 en dos etapas. <a class=\"mh-excerpt-more\" href=\"http:\/\/dsrmedios.com.ar\/diario\/archivos\/17508\" title=\"El Hospital de Cnel. Su\u00e1rez ser\u00e1 elevado a categor\u00eda Interzonal\">[Leer m\u00e1s]<\/a><\/p>\n<\/div>","protected":false},"author":5,"featured_media":17509,"comment_status":"open","ping_status":"closed","sticky":false,"template":"","format":"standard","meta":{"_jetpack_newsletter_access":""},"categories":[18,31],"tags":[],"jetpack_featured_media_url":"http:\/\/dsrmedios.com.ar\/diario\/wp-content\/uploads\/2020\/02\/moccero1.jpg","jetpack_sharing_enabled":true,"jetpack_shortlink":"https:\/\/wp.me\/p9fihK-4yo","_links":{"self":[{"href":"http:\/\/dsrmedios.com.ar\/diario\/wp-json\/wp\/v2\/posts\/17508"}],"collection":[{"href":"http:\/\/dsrmedios.com.ar\/diario\/wp-json\/wp\/v2\/posts"}],"about":[{"href":"http:\/\/dsrmedios.com.ar\/diario\/wp-json\/wp\/v2\/types\/post"}],"author":[{"embeddable":true,"href":"http:\/\/dsrmedios.com.ar\/diario\/wp-json\/wp\/v2\/users\/5"}],"replies":[{"embeddable":true,"href":"http:\/\/dsrmedios.com.ar\/diario\/wp-json\/wp\/v2\/comments?post=17508"}],"version-history":[{"count":1,"href":"http:\/\/dsrmedios.com.ar\/diario\/wp-json\/wp\/v2\/posts\/17508\/revisions"}],"predecessor-version":[{"id":17510,"href":"http:\/\/dsrmedios.com.ar\/diario\/wp-json\/wp\/v2\/posts\/17508\/revisions\/17510"}],"wp:featuredmedia":[{"embeddable":true,"href":"http:\/\/dsrmedios.com.ar\/diario\/wp-json\/wp\/v2\/media\/17509"}],"wp:attachment":[{"href":"http:\/\/dsrmedios.com.ar\/diario\/wp-json\/wp\/v2\/media?parent=17508"}],"wp:term":[{"taxonomy":"category","embeddable":true,"href":"http:\/\/dsrmedios.com.ar\/diario\/wp-json\/wp\/v2\/categories?post=17508"},{"taxonomy":"post_tag","embeddable":true,"href":"http:\/\/dsrmedios.com.ar\/diario\/wp-json\/wp\/v2\/tags?post=17508"}],"curies":[{"name":"wp","href":"https:\/\/api.w.org\/{rel}","templated":true}]}}