{"id":17500,"date":"2020-02-27T21:33:51","date_gmt":"2020-02-28T00:33:51","guid":{"rendered":"http:\/\/dsrmedios.com.ar\/diario\/?p=17500"},"modified":"2020-02-27T18:36:00","modified_gmt":"2020-02-27T21:36:00","slug":"las-clases-comenzaran-el-2-de-marzo","status":"publish","type":"post","link":"http:\/\/dsrmedios.com.ar\/diario\/archivos\/17500","title":{"rendered":"Las clases comenzar\u00e1n el 2 de marzo"},"content":{"rendered":"\n<p>En el marco de la segunda reuni\u00f3n paritaria, autoridades nacionales y gremios docentes consolidaron un acuerdo en torno a la pol\u00edtica salarial para este a\u00f1o y las clases comenzar\u00e1n seg\u00fan lo establecido en el calendario escolar. Participaron del encuentro el ministro de Educaci\u00f3n, Nicol\u00e1s Trotta, su par de Trabajo, Claudio Moroni, el Comit\u00e9 Ejecutivo del Consejo Federal de Educaci\u00f3n y los representantes paritarios de los cinco sindicatos docentes nacionales: CTERA, UDA, CEA, SADOP y AMET.<\/p>\n\n\n\n<p>Las partes convinieron fijar el salario m\u00ednimo docente inicial en $23.000 a partir del 1 de marzo, eso implica una modificaci\u00f3n del monto actual que es $20.250; con un segundo tramo que asciende a $25.000 a partir del 1 de julio del corriente a\u00f1o. Adem\u00e1s, se pagar\u00e1 una suma fija extraordinaria -por cargo y a cuenta del FONID (Fondo Nacional de Incentivo Docente) y futuras recomposiciones provinciales- de $4.840 que se abonar\u00e1 en cuatro cuotas de $1.210 con los haberes de marzo, abril, mayo y junio. El Gobierno nacional garantiz\u00f3 que continuar\u00e1 el programa de compensaci\u00f3n salarial para las jurisdicciones que no alcancen el piso fijado. <\/p>\n\n\n\n<p>Al finalizar la reuni\u00f3n, Trotta expres\u00f3: &#8220;Hemos convenido con las 5 organizaciones sindicales con representaci\u00f3n nacional una propuesta en el marco de la paritaria nacional docente, que incluye el componente salarial pero tambi\u00e9n implica un proceso de debate&#8221; Y agreg\u00f3: &#8220;Queremos dejar atr\u00e1s cualquier etapa de confrontaci\u00f3n con maestros y maestras. Esta reuni\u00f3n ha implicado un proceso de recuperaci\u00f3n progresiva del salario, queremos debatir el rumbo de la educaci\u00f3n junto a los y las protagonistas\u201d.<\/p>\n\n\n\n<p>En tanto, Moroni concluy\u00f3: \u201cCelebro que podamos tener este avance tan importante en materia de paritaria docente, ya que aqu\u00ed queda abierto un camino permanente para la recuperaci\u00f3n progresiva del salario y de la pol\u00edtica educativa en su conjunto. Como dice el ministro Trotta, esta paritaria excede mucho lo que es una discusi\u00f3n salarial porque en rigor es una herramienta de pol\u00edtica educativa. En circunstancias complejas como las que atraviesa la Argentina, es importante llegar a acuerdos que tengan como objetivo algo tan claro y tan compartido como es mejorar la educaci\u00f3n argentina, a trav\u00e9s de uno de sus principales protagonistas que son los docentes.&#8221;<\/p>\n\n\n\n<p>Integran el Comit\u00e9 Ejecutivo del Consejo Federal de Educaci\u00f3n: Agustina Vila (Centro), Daniela Torrente (NEA), Juan Pablo Lichmajer (NOA), Jos\u00e9 Manuel Thomas (Cuyo) y Mar\u00eda Cecilia Vel\u00e1zquez (Sur). <\/p>\n\n\n\n<p>Algunos de los aspectos que se seguir\u00e1n trabajando y para los cuales se han acordado reuniones t\u00e9cnicas peri\u00f3dicas son el an\u00e1lisis del sistema educativo, salud y condiciones de trabajo, el camino para cumplir la Ley de Financiamiento Educativo y la recuperaci\u00f3n de la p\u00e9rdida de inversi\u00f3n sufrida en los \u00faltimos cuatro a\u00f1os.<\/p>\n","protected":false},"excerpt":{"rendered":"<div class=\"mh-excerpt\"><p>En el marco de la segunda reuni\u00f3n paritaria, autoridades nacionales y gremios docentes consolidaron un acuerdo en torno a la pol\u00edtica salarial para este a\u00f1o y las clases comenzar\u00e1n seg\u00fan lo establecido en el calendario escolar. Participaron del encuentro el ministro de Educaci\u00f3n, Nicol\u00e1s Trotta, su par de Trabajo, Claudio Moroni, el Comit\u00e9 Ejecutivo del Consejo Federal de Educaci\u00f3n y los representantes paritarios de los cinco sindicatos docentes nacionales: CTERA, UDA, CEA, SADOP y AMET. Las partes convinieron fijar el salario m\u00ednimo docente inicial en $23.000 a partir del 1 de marzo, eso implica una modificaci\u00f3n del monto actual que <a class=\"mh-excerpt-more\" href=\"http:\/\/dsrmedios.com.ar\/diario\/archivos\/17500\" title=\"Las clases comenzar\u00e1n el 2 de marzo\">[Leer m\u00e1s]<\/a><\/p>\n<\/div>","protected":false},"author":5,"featured_media":11641,"comment_status":"open","ping_status":"closed","sticky":false,"template":"","format":"standard","meta":{"_jetpack_newsletter_access":""},"categories":[18,6],"tags":[],"jetpack_featured_media_url":"http:\/\/dsrmedios.com.ar\/diario\/wp-content\/uploads\/2019\/03\/clases.jpg","jetpack_sharing_enabled":true,"jetpack_shortlink":"https:\/\/wp.me\/p9fihK-4yg","_links":{"self":[{"href":"http:\/\/dsrmedios.com.ar\/diario\/wp-json\/wp\/v2\/posts\/17500"}],"collection":[{"href":"http:\/\/dsrmedios.com.ar\/diario\/wp-json\/wp\/v2\/posts"}],"about":[{"href":"http:\/\/dsrmedios.com.ar\/diario\/wp-json\/wp\/v2\/types\/post"}],"author":[{"embeddable":true,"href":"http:\/\/dsrmedios.com.ar\/diario\/wp-json\/wp\/v2\/users\/5"}],"replies":[{"embeddable":true,"href":"http:\/\/dsrmedios.com.ar\/diario\/wp-json\/wp\/v2\/comments?post=17500"}],"version-history":[{"count":1,"href":"http:\/\/dsrmedios.com.ar\/diario\/wp-json\/wp\/v2\/posts\/17500\/revisions"}],"predecessor-version":[{"id":17501,"href":"http:\/\/dsrmedios.com.ar\/diario\/wp-json\/wp\/v2\/posts\/17500\/revisions\/17501"}],"wp:featuredmedia":[{"embeddable":true,"href":"http:\/\/dsrmedios.com.ar\/diario\/wp-json\/wp\/v2\/media\/11641"}],"wp:attachment":[{"href":"http:\/\/dsrmedios.com.ar\/diario\/wp-json\/wp\/v2\/media?parent=17500"}],"wp:term":[{"taxonomy":"category","embeddable":true,"href":"http:\/\/dsrmedios.com.ar\/diario\/wp-json\/wp\/v2\/categories?post=17500"},{"taxonomy":"post_tag","embeddable":true,"href":"http:\/\/dsrmedios.com.ar\/diario\/wp-json\/wp\/v2\/tags?post=17500"}],"curies":[{"name":"wp","href":"https:\/\/api.w.org\/{rel}","templated":true}]}}