{"id":17384,"date":"2020-02-18T21:25:27","date_gmt":"2020-02-19T00:25:27","guid":{"rendered":"http:\/\/dsrmedios.com.ar\/diario\/?p=17384"},"modified":"2020-02-18T17:04:19","modified_gmt":"2020-02-18T20:04:19","slug":"jubilados-que-cobran-la-minima-tendran-reintegros-en-compras-de-hasta-700-por-mes","status":"publish","type":"post","link":"http:\/\/dsrmedios.com.ar\/diario\/archivos\/17384","title":{"rendered":"Jubilados que cobran la m\u00ednima tendr\u00e1n reintegros en compras de hasta $700 por mes"},"content":{"rendered":"\n<p>Los jubilados que cobran el haber m\u00ednimo y los beneficiarios de la Asignaci\u00f3n Universal por Hijo (AUH) recibir\u00e1n a partir del 1 de marzo pr\u00f3ximo, un reintegro del 15% en las compras que realicen con las tarjetas de d\u00e9bito de las cuentas donde se acreditan sus beneficios, anunci\u00f3 hoy la titular de la Administraci\u00f3n Federal de Ingresos P\u00fcblicos (AFIP), Mercedes Marc\u00f3 del Pont.<\/p>\n\n\n\n<p>En conferencia de prensa en Casa de Gobierno, seg\u00fan dio cuenta T\u00e9lam, la titular de la AFIP precis\u00f3 que estos reintegros ser\u00e1n de hasta $ 700 mensuales por beneficiario, con un tope de $ 1.400 por hogar.<\/p>\n\n\n\n<p>\u201cEstamos trabajando con los listados del padr\u00f3n de la Anses (Administraci\u00f3n Nacional de la Seguridad Social) de todos los titulares de la AUH y de jubilaci\u00f3n m\u00ednima, que se los daremos a las administradoras de las tarjetas de d\u00e9bito. Esperamos m\u00e1s adelante incorporar a los usuarios de tarjeta alimentaria\u201d, indic\u00f3 Marc\u00f3 del Pont.<\/p>\n\n\n\n<p>Remarc\u00f3 que \u201cesta medida supone asignar recursos fiscales de aproximadamente $ 5.000 millones mensuales\u201d, y aclar\u00f3 que \u201cno es contra recursos coparticipables\u201d.<\/p>\n\n\n\n<p>&#8220;Esta decisi\u00f3n surge de un an\u00e1lisis critico del fracaso del gobierno anterior de eximir del IVA a los alimentos de la canasta b\u00e1sica&#8221;, se\u00f1al\u00f3 la funcionaria, quien sostuvo que esa \u201cfue una decisi\u00f3n muy regresiva en t\u00e9rminos distributivos con un costo fiscal del $ 3.000 millones mensuales que poco sirvi\u00f3 y que r\u00e1pidamente fue consumido por el proceso de aceleraci\u00f3n inflacionaria\u201d.<\/p>\n\n\n\n<p>Marc\u00f3 del Pont precis\u00f3 que \u201cla propuesta busca no financiar la oferta sino la demanda, sobre todo la de sectores de menores ingresos\u201d, y estim\u00f3 que es \u201cuna decisi\u00f3n con impacto redistributivo muy importante&#8221;.<\/p>\n","protected":false},"excerpt":{"rendered":"<div class=\"mh-excerpt\"><p>Los jubilados que cobran el haber m\u00ednimo y los beneficiarios de la Asignaci\u00f3n Universal por Hijo (AUH) recibir\u00e1n a partir del 1 de marzo pr\u00f3ximo, un reintegro del 15% en las compras que realicen con las tarjetas de d\u00e9bito de las cuentas donde se acreditan sus beneficios, anunci\u00f3 hoy la titular de la Administraci\u00f3n Federal de Ingresos P\u00fcblicos (AFIP), Mercedes Marc\u00f3 del Pont. En conferencia de prensa en Casa de Gobierno, seg\u00fan dio cuenta T\u00e9lam, la titular de la AFIP precis\u00f3 que estos reintegros ser\u00e1n de hasta $ 700 mensuales por beneficiario, con un tope de $ 1.400 por hogar. <a class=\"mh-excerpt-more\" href=\"http:\/\/dsrmedios.com.ar\/diario\/archivos\/17384\" title=\"Jubilados que cobran la m\u00ednima tendr\u00e1n reintegros en compras de hasta $700 por mes\">[Leer m\u00e1s]<\/a><\/p>\n<\/div>","protected":false},"author":5,"featured_media":5995,"comment_status":"open","ping_status":"closed","sticky":false,"template":"","format":"standard","meta":{"_jetpack_newsletter_access":""},"categories":[18,6],"tags":[],"jetpack_featured_media_url":"http:\/\/dsrmedios.com.ar\/diario\/wp-content\/uploads\/2018\/05\/jubilados.jpg","jetpack_sharing_enabled":true,"jetpack_shortlink":"https:\/\/wp.me\/p9fihK-4wo","_links":{"self":[{"href":"http:\/\/dsrmedios.com.ar\/diario\/wp-json\/wp\/v2\/posts\/17384"}],"collection":[{"href":"http:\/\/dsrmedios.com.ar\/diario\/wp-json\/wp\/v2\/posts"}],"about":[{"href":"http:\/\/dsrmedios.com.ar\/diario\/wp-json\/wp\/v2\/types\/post"}],"author":[{"embeddable":true,"href":"http:\/\/dsrmedios.com.ar\/diario\/wp-json\/wp\/v2\/users\/5"}],"replies":[{"embeddable":true,"href":"http:\/\/dsrmedios.com.ar\/diario\/wp-json\/wp\/v2\/comments?post=17384"}],"version-history":[{"count":1,"href":"http:\/\/dsrmedios.com.ar\/diario\/wp-json\/wp\/v2\/posts\/17384\/revisions"}],"predecessor-version":[{"id":17385,"href":"http:\/\/dsrmedios.com.ar\/diario\/wp-json\/wp\/v2\/posts\/17384\/revisions\/17385"}],"wp:featuredmedia":[{"embeddable":true,"href":"http:\/\/dsrmedios.com.ar\/diario\/wp-json\/wp\/v2\/media\/5995"}],"wp:attachment":[{"href":"http:\/\/dsrmedios.com.ar\/diario\/wp-json\/wp\/v2\/media?parent=17384"}],"wp:term":[{"taxonomy":"category","embeddable":true,"href":"http:\/\/dsrmedios.com.ar\/diario\/wp-json\/wp\/v2\/categories?post=17384"},{"taxonomy":"post_tag","embeddable":true,"href":"http:\/\/dsrmedios.com.ar\/diario\/wp-json\/wp\/v2\/tags?post=17384"}],"curies":[{"name":"wp","href":"https:\/\/api.w.org\/{rel}","templated":true}]}}