{"id":17285,"date":"2020-02-13T21:29:56","date_gmt":"2020-02-14T00:29:56","guid":{"rendered":"http:\/\/dsrmedios.com.ar\/diario\/?p=17285"},"modified":"2020-02-13T17:31:25","modified_gmt":"2020-02-13T20:31:25","slug":"balbin-los-docentes-siguen-siendo-rehenes-de-los-intereses-politicos-de-sus-propios-dirigentes-gremiales%ef%bb%bf","status":"publish","type":"post","link":"http:\/\/dsrmedios.com.ar\/diario\/archivos\/17285","title":{"rendered":"Balb\u00edn: \u201clos docentes siguen siendo rehenes de los intereses pol\u00edticos de sus propios dirigentes gremiales\u201d\ufeff"},"content":{"rendered":"\n<p><br><\/p>\n\n\n\n<p><em>Lo\nse\u00f1al\u00f3 el diputado radical, luego de la suspensi\u00f3n por parte del gobierno del\nreajuste de diciembre a los maestros. \u201cLa plata siempre estuvo\u201d, agreg\u00f3.<\/em><\/p>\n\n\n\n<p>A ra\u00edz de la\nsuspensi\u00f3n, por parte del gobierno provincial, del pago del 11,7% de aumento a\nlos docentes, previsto por la paritaria 2019 y como resultado de la\nactualizaci\u00f3n de octubre y noviembre, el diputado Emiliano Balb\u00edn se\u00f1al\u00f3 la\nirresponsabilidad de Kicillof y el silencio c\u00f3mplice de los gremios.<\/p>\n\n\n\n<p>\u201cLo que me\npreocupa no es solamente que no se respete lo acordado, sino el silencio\nc\u00f3mplice de los gremios que, al gobierno de Mar\u00eda Eugenia Vidal, por mucho\nmenos lo cuestionaban dejando a los estudiantes sin clases\u201d, se\u00f1al\u00f3 el\nlegislador. <\/p>\n\n\n\n<p>\u201cNo pretendemos\nque el ciclo lectivo no inicie \u2013agreg\u00f3-, porque siempre sostuvimos que las\ndiscusiones salariales deb\u00edan dejar afuera a los alumnos. Pero creemos que los\ndocentes siguen siendo rehenes de los intereses pol\u00edticos demostrados de&nbsp;\nquienes deben defender sus derechos\u201d.<\/p>\n\n\n\n<p>En el mismo\nsentido expres\u00f3 que \u201cel gobernador se haga cargo de lo que decide y deje de\nresponsabilizar al gobierno de anterior. Porque fue el gobierno de Mar\u00eda\nEugenia Vidal el que dio respuesta a un reclamo hist\u00f3rico de los docentes, como\nes que sus salarios no pierdan ante la inflaci\u00f3n\u201d.<\/p>\n\n\n\n<p>\u201cLa plata\nsiempre estuvo. Tanto para pagar los vencimientos de los bonos, como los\nsalarios de los docentes, incluido el incremento fruto de la cl\u00e1usula gatillo\nque nosotros le dimos. Adem\u00e1s el Gobernador acaba de aprobar un impuestazo, por\nlo tanto recursos econ\u00f3micos no le van a faltar para destinarlo a los sueldos\ndocentes\u201d, finaliz\u00f3 Balb\u00edn.<\/p>\n","protected":false},"excerpt":{"rendered":"<div class=\"mh-excerpt\"><p>Lo se\u00f1al\u00f3 el diputado radical, luego de la suspensi\u00f3n por parte del gobierno del reajuste de diciembre a los maestros. \u201cLa plata siempre estuvo\u201d, agreg\u00f3. A ra\u00edz de la suspensi\u00f3n, por parte del gobierno provincial, del pago del 11,7% de aumento a los docentes, previsto por la paritaria 2019 y como resultado de la actualizaci\u00f3n de octubre y noviembre, el diputado Emiliano Balb\u00edn se\u00f1al\u00f3 la irresponsabilidad de Kicillof y el silencio c\u00f3mplice de los gremios. \u201cLo que me preocupa no es solamente que no se respete lo acordado, sino el silencio c\u00f3mplice de los gremios que, al gobierno de Mar\u00eda <a class=\"mh-excerpt-more\" href=\"http:\/\/dsrmedios.com.ar\/diario\/archivos\/17285\" title=\"Balb\u00edn: \u201clos docentes siguen siendo rehenes de los intereses pol\u00edticos de sus propios dirigentes gremiales\u201d\ufeff\">[Leer m\u00e1s]<\/a><\/p>\n<\/div>","protected":false},"author":5,"featured_media":9656,"comment_status":"open","ping_status":"closed","sticky":false,"template":"","format":"standard","meta":{"_jetpack_newsletter_access":""},"categories":[18,31],"tags":[],"jetpack_featured_media_url":"http:\/\/dsrmedios.com.ar\/diario\/wp-content\/uploads\/2018\/12\/emiliano-balbin2.jpg","jetpack_sharing_enabled":true,"jetpack_shortlink":"https:\/\/wp.me\/p9fihK-4uN","_links":{"self":[{"href":"http:\/\/dsrmedios.com.ar\/diario\/wp-json\/wp\/v2\/posts\/17285"}],"collection":[{"href":"http:\/\/dsrmedios.com.ar\/diario\/wp-json\/wp\/v2\/posts"}],"about":[{"href":"http:\/\/dsrmedios.com.ar\/diario\/wp-json\/wp\/v2\/types\/post"}],"author":[{"embeddable":true,"href":"http:\/\/dsrmedios.com.ar\/diario\/wp-json\/wp\/v2\/users\/5"}],"replies":[{"embeddable":true,"href":"http:\/\/dsrmedios.com.ar\/diario\/wp-json\/wp\/v2\/comments?post=17285"}],"version-history":[{"count":1,"href":"http:\/\/dsrmedios.com.ar\/diario\/wp-json\/wp\/v2\/posts\/17285\/revisions"}],"predecessor-version":[{"id":17286,"href":"http:\/\/dsrmedios.com.ar\/diario\/wp-json\/wp\/v2\/posts\/17285\/revisions\/17286"}],"wp:featuredmedia":[{"embeddable":true,"href":"http:\/\/dsrmedios.com.ar\/diario\/wp-json\/wp\/v2\/media\/9656"}],"wp:attachment":[{"href":"http:\/\/dsrmedios.com.ar\/diario\/wp-json\/wp\/v2\/media?parent=17285"}],"wp:term":[{"taxonomy":"category","embeddable":true,"href":"http:\/\/dsrmedios.com.ar\/diario\/wp-json\/wp\/v2\/categories?post=17285"},{"taxonomy":"post_tag","embeddable":true,"href":"http:\/\/dsrmedios.com.ar\/diario\/wp-json\/wp\/v2\/tags?post=17285"}],"curies":[{"name":"wp","href":"https:\/\/api.w.org\/{rel}","templated":true}]}}