{"id":1666,"date":"2017-10-20T10:32:39","date_gmt":"2017-10-20T13:32:39","guid":{"rendered":"http:\/\/dsrmedios.com.ar\/diario\/?p=1666"},"modified":"2017-10-20T10:32:39","modified_gmt":"2017-10-20T13:32:39","slug":"estrenan-el-2-de-noviembre-una-pelicula-sobre-el-plan-de-adolfo-alsina-para-el-desierto","status":"publish","type":"post","link":"http:\/\/dsrmedios.com.ar\/diario\/archivos\/1666","title":{"rendered":"Estrenan el 2 de noviembre una pel\u00edcula sobre el Plan de Adolfo Alsina para el desierto"},"content":{"rendered":"<p>El 2 de noviembre se estrena en el cine Gaumont de Buenos Aires, la pel\u00edcula \u201cLa muralla criolla\u201d de Sebasti\u00e1n D\u00edaz. En ella participa, entre otros, Gast\u00f3n Partarrieu, Director de Museo de Adolfo Alsina.<br \/>\nLa muralla criolla narra la construcci\u00f3n en la Argentina de la famosa \u201czanja de Alsina\u201d, gigantesca trinchera excavada en 1876 a lo largo de la pampa (desde Nueva Roma \u2013cerca de Bah\u00eda Blanca- hasta Ital\u00f3 \u2013en el sur de C\u00f3rdoba-), obst\u00e1culo para hacer imposible las grandes invasiones ind\u00edgenas, demorando el arreo de las vacas. Los testimonios de Osvaldo Bayer, Marcelo Valko, Juan Jos\u00e9 Estevez y Alberto Orga indagan en el denostado plan gubernamental, que busc\u00f3 dividir al pa\u00eds mediante una zanja de 700 kil\u00f3metros de longitud, y que permiti\u00f3 la fundaci\u00f3n de pueblos en la frontera con el indio como Puan, Carhu\u00e9, Guamin\u00ed, Trenque Lauquen e Ital\u00f3, hoy pr\u00f3speros pueblos del oeste bonaerense.<\/p>\n<p>Esta es la historia de una zanja criticada y que abri\u00f3 una encendida pol\u00e9mica en su tiempo, que por la magnitud de la obra se convirti\u00f3 en la Muralla China Criolla pero que la repentina muerte de su mentor borr\u00f3 del mapa. Esta es la historia de algunos pobladores del oeste bonaerense, desconocidos, que al haber recolectado sobre el terreno toda la informaci\u00f3n, se llevan todos los laureles por su valor \u00e9pico al haber hallado las huellas de la zanja de Alsina.<\/p>\n<p>El Documental<br \/>\nLa muralla criolla es un documental de contenido hist\u00f3rico que aborda la construcci\u00f3n en 1876 de la zanja de Alsina, largu\u00edsima trinchera excavada en la pampa argentina, para separar humanos de animales. Mediante diferentes recursos como la animaci\u00f3n, la documentaci\u00f3n hist\u00f3rica y testimonios como los de Osvaldo Bayer, Marcelo Valko y otros investigadores, recrea un hecho de nuestra historia, se pregunta por sus causas y consecuencias, y abre la puerta a la reflexi\u00f3n sobre sus resonancias en el presente.<\/p>\n","protected":false},"excerpt":{"rendered":"<div class=\"mh-excerpt\"><p>El 2 de noviembre se estrena en el cine Gaumont de Buenos Aires, la pel\u00edcula \u201cLa muralla criolla\u201d de Sebasti\u00e1n D\u00edaz. En ella participa, entre otros, Gast\u00f3n Partarrieu, Director de Museo de Adolfo Alsina. La muralla criolla narra la construcci\u00f3n en la Argentina de la famosa \u201czanja de Alsina\u201d, gigantesca trinchera excavada en 1876 a lo largo de la pampa (desde Nueva Roma \u2013cerca de Bah\u00eda Blanca- hasta Ital\u00f3 \u2013en el sur de C\u00f3rdoba-), obst\u00e1culo para hacer imposible las grandes invasiones ind\u00edgenas, demorando el arreo de las vacas. Los testimonios de Osvaldo Bayer, Marcelo Valko, Juan Jos\u00e9 Estevez y Alberto <a class=\"mh-excerpt-more\" href=\"http:\/\/dsrmedios.com.ar\/diario\/archivos\/1666\" title=\"Estrenan el 2 de noviembre una pel\u00edcula sobre el Plan de Adolfo Alsina para el desierto\">[Leer m\u00e1s]<\/a><\/p>\n<\/div>","protected":false},"author":5,"featured_media":1667,"comment_status":"open","ping_status":"closed","sticky":false,"template":"","format":"standard","meta":{"_jetpack_newsletter_access":""},"categories":[18,5],"tags":[],"jetpack_featured_media_url":"http:\/\/dsrmedios.com.ar\/diario\/wp-content\/uploads\/2017\/10\/Marco_Principal_Lihue_clip_image002.gif","jetpack_sharing_enabled":true,"jetpack_shortlink":"https:\/\/wp.me\/p9fihK-qS","_links":{"self":[{"href":"http:\/\/dsrmedios.com.ar\/diario\/wp-json\/wp\/v2\/posts\/1666"}],"collection":[{"href":"http:\/\/dsrmedios.com.ar\/diario\/wp-json\/wp\/v2\/posts"}],"about":[{"href":"http:\/\/dsrmedios.com.ar\/diario\/wp-json\/wp\/v2\/types\/post"}],"author":[{"embeddable":true,"href":"http:\/\/dsrmedios.com.ar\/diario\/wp-json\/wp\/v2\/users\/5"}],"replies":[{"embeddable":true,"href":"http:\/\/dsrmedios.com.ar\/diario\/wp-json\/wp\/v2\/comments?post=1666"}],"version-history":[{"count":1,"href":"http:\/\/dsrmedios.com.ar\/diario\/wp-json\/wp\/v2\/posts\/1666\/revisions"}],"predecessor-version":[{"id":1668,"href":"http:\/\/dsrmedios.com.ar\/diario\/wp-json\/wp\/v2\/posts\/1666\/revisions\/1668"}],"wp:featuredmedia":[{"embeddable":true,"href":"http:\/\/dsrmedios.com.ar\/diario\/wp-json\/wp\/v2\/media\/1667"}],"wp:attachment":[{"href":"http:\/\/dsrmedios.com.ar\/diario\/wp-json\/wp\/v2\/media?parent=1666"}],"wp:term":[{"taxonomy":"category","embeddable":true,"href":"http:\/\/dsrmedios.com.ar\/diario\/wp-json\/wp\/v2\/categories?post=1666"},{"taxonomy":"post_tag","embeddable":true,"href":"http:\/\/dsrmedios.com.ar\/diario\/wp-json\/wp\/v2\/tags?post=1666"}],"curies":[{"name":"wp","href":"https:\/\/api.w.org\/{rel}","templated":true}]}}