{"id":1636,"date":"2017-10-19T08:58:20","date_gmt":"2017-10-19T11:58:20","guid":{"rendered":"http:\/\/dsrmedios.com.ar\/diario\/?p=1636"},"modified":"2017-10-19T09:08:02","modified_gmt":"2017-10-19T12:08:02","slug":"ya-abrieron-la-inscripcion-para-la-vuelta-al-lago-epecuen","status":"publish","type":"post","link":"http:\/\/dsrmedios.com.ar\/diario\/archivos\/1636","title":{"rendered":"Ya abrieron la inscripci\u00f3n para la vuelta al Lago Epecu\u00e9n"},"content":{"rendered":"<p>El s\u00e1bado 9 de diciembre, se realizar\u00e1 la Vuelta al Lago Epecuen una carrera de diferentes opciones 60k, 21k o 10k.<br \/>\nLa inscripci\u00f3n estar\u00e1 abierta y los interesados pueden hacerlo a traves de la siguiente direcci\u00f3n electr\u00f3nica\u00a0<a href=\"https:\/\/goo.gl\/HihUzo\" target=\"_blank\" rel=\"noopener nofollow\" data-ft=\"{&quot;tn&quot;:&quot;-U&quot;}\" data-lynx-mode=\"async\" data-lynx-uri=\"https:\/\/l.facebook.com\/l.php?u=https%3A%2F%2Fgoo.gl%2FHihUzo&amp;h=ATPsULGP8qLVNnp4k_klLSwGIbR0ZaCQ1SeKF7JcWciGN3S0E-M0Zyyaeh3Q9tT2IMBtEM7FMyFxVjEYsQ9cUBxqjD1Ts-1eyJa_eVJV5TTWoHpE6fEKo-kZKNJ-_5WEZtTX5pgsKBRga47xIpE9wcgS0LMlOOfNUo1AvT7NRyFg26fj_oeeJJzE1_PxtQSxUmVMlI2HUWUU1TjehuyJ0XA-opb502JyoCygXwyC05uup-mcH4wKl9fszOZcxFuV2XjSCpOttbDu0MhYV43N7Ab8Cr9rYsR7sIwL7ybSLAY\">https:\/\/goo.gl\/HihUzo<\/a><span class=\"text_exposed_show\"><br \/>\n<a class=\"_58cn\" href=\"https:\/\/www.facebook.com\/hashtag\/vueltalagoepecuen?source=feed_text&amp;story_id=1407313822699488\" data-ft=\"{&quot;tn&quot;:&quot;*N&quot;,&quot;type&quot;:104}\"><span class=\"_5afx\"><span class=\"_58cl _5afz\" aria-label=\"numeral\">#<\/span><span class=\"_58cm\">VueltaLagoEpecuen<\/span><\/span><\/a>\u00a0<a class=\"_58cn\" href=\"https:\/\/www.facebook.com\/hashtag\/villaepecuen?source=feed_text&amp;story_id=1407313822699488\" data-ft=\"{&quot;tn&quot;:&quot;*N&quot;,&quot;type&quot;:104}\"><span class=\"_5afx\"><span class=\"_58cl _5afz\" aria-label=\"numeral\">#<\/span><span class=\"_58cm\">VillaEpecuen<\/span><\/span><\/a>\u00a0<a class=\"_58cn\" href=\"https:\/\/www.facebook.com\/hashtag\/trailrunning?source=feed_text&amp;story_id=1407313822699488\" data-ft=\"{&quot;tn&quot;:&quot;*N&quot;,&quot;type&quot;:104}\"><span class=\"_5afx\"><span class=\"_58cl _5afz\" aria-label=\"numeral\">#<\/span><span class=\"_58cm\">TrailRunning<\/span><\/span><\/a><\/span><\/p>\n","protected":false},"excerpt":{"rendered":"<div class=\"mh-excerpt\"><p>El s\u00e1bado 9 de diciembre, se realizar\u00e1 la Vuelta al Lago Epecuen una carrera de diferentes opciones 60k, 21k o 10k. La inscripci\u00f3n estar\u00e1 abierta y los interesados pueden hacerlo a traves de la siguiente direcci\u00f3n electr\u00f3nica\u00a0https:\/\/goo.gl\/HihUzo #VueltaLagoEpecuen\u00a0#VillaEpecuen\u00a0#TrailRunning<\/p>\n<\/div>","protected":false},"author":5,"featured_media":1637,"comment_status":"open","ping_status":"closed","sticky":false,"template":"","format":"standard","meta":{"_jetpack_newsletter_access":""},"categories":[18,5],"tags":[],"jetpack_featured_media_url":"http:\/\/dsrmedios.com.ar\/diario\/wp-content\/uploads\/2017\/10\/vuelta.jpg","jetpack_sharing_enabled":true,"jetpack_shortlink":"https:\/\/wp.me\/p9fihK-qo","_links":{"self":[{"href":"http:\/\/dsrmedios.com.ar\/diario\/wp-json\/wp\/v2\/posts\/1636"}],"collection":[{"href":"http:\/\/dsrmedios.com.ar\/diario\/wp-json\/wp\/v2\/posts"}],"about":[{"href":"http:\/\/dsrmedios.com.ar\/diario\/wp-json\/wp\/v2\/types\/post"}],"author":[{"embeddable":true,"href":"http:\/\/dsrmedios.com.ar\/diario\/wp-json\/wp\/v2\/users\/5"}],"replies":[{"embeddable":true,"href":"http:\/\/dsrmedios.com.ar\/diario\/wp-json\/wp\/v2\/comments?post=1636"}],"version-history":[{"count":1,"href":"http:\/\/dsrmedios.com.ar\/diario\/wp-json\/wp\/v2\/posts\/1636\/revisions"}],"predecessor-version":[{"id":1638,"href":"http:\/\/dsrmedios.com.ar\/diario\/wp-json\/wp\/v2\/posts\/1636\/revisions\/1638"}],"wp:featuredmedia":[{"embeddable":true,"href":"http:\/\/dsrmedios.com.ar\/diario\/wp-json\/wp\/v2\/media\/1637"}],"wp:attachment":[{"href":"http:\/\/dsrmedios.com.ar\/diario\/wp-json\/wp\/v2\/media?parent=1636"}],"wp:term":[{"taxonomy":"category","embeddable":true,"href":"http:\/\/dsrmedios.com.ar\/diario\/wp-json\/wp\/v2\/categories?post=1636"},{"taxonomy":"post_tag","embeddable":true,"href":"http:\/\/dsrmedios.com.ar\/diario\/wp-json\/wp\/v2\/tags?post=1636"}],"curies":[{"name":"wp","href":"https:\/\/api.w.org\/{rel}","templated":true}]}}