{"id":1625,"date":"2017-10-19T08:30:11","date_gmt":"2017-10-19T11:30:11","guid":{"rendered":"http:\/\/dsrmedios.com.ar\/diario\/?p=1625"},"modified":"2017-10-19T09:10:14","modified_gmt":"2017-10-19T12:10:14","slug":"suspenden-todos-los-actos-de-campana-a-nivel-nacional-por-la-aparicion-de-maldonado","status":"publish","type":"post","link":"http:\/\/dsrmedios.com.ar\/diario\/archivos\/1625","title":{"rendered":"Suspenden todos los actos de campa\u00f1a a nivel nacional por la aparici\u00f3n de Maldonado"},"content":{"rendered":"<p>Los candidatos de las distintas fuerzas pol\u00edticas suspendieron las actividades de campa\u00f1a previstas para hoy tras el hallazgo de un cuerpo ayer en el r\u00edo Chubut en el marco de los rastrillajes por la b\u00fasqueda de Santiago Maldonado, el joven desaparecido el 1\u00b0 de agosto tras un operativo de Gendarmer\u00eda nacional.<\/p>\n<p>La gobernadora Mar\u00eda Eugenia Vidal y el presidente Mauricio Macri suspendieron el acto en La Plata junto a candidatos de Cambiemos, mientras que la expresidenta Cristina Fern\u00e1ndez de Kirchner, candidata a senadora nacional por Unidad Ciudadana, tambi\u00e9n decidi\u00f3 no realizar la actividad prevista para hoy en el Parque Industrial de Almirante Brown. Del mismo modo, se pronunciaron Sergio Massa y Florencio Randazzo y los postulantes del Frente de Izquierda y de los Trabajadores (FIT).<\/p>\n<p>La fuerza de\u00a0\u00a0Randazzo suspendi\u00f3 una caminata y viaje en tren que encabezar\u00eda su candidato a senador por La Plata\u00a0y eval\u00faa qu\u00e9 hacer con el acto final de este jueves en Chivilcoy.<\/p>\n","protected":false},"excerpt":{"rendered":"<div class=\"mh-excerpt\"><p>Los candidatos de las distintas fuerzas pol\u00edticas suspendieron las actividades de campa\u00f1a previstas para hoy tras el hallazgo de un cuerpo ayer en el r\u00edo Chubut en el marco de los rastrillajes por la b\u00fasqueda de Santiago Maldonado, el joven desaparecido el 1\u00b0 de agosto tras un operativo de Gendarmer\u00eda nacional. La gobernadora Mar\u00eda Eugenia Vidal y el presidente Mauricio Macri suspendieron el acto en La Plata junto a candidatos de Cambiemos, mientras que la expresidenta Cristina Fern\u00e1ndez de Kirchner, candidata a senadora nacional por Unidad Ciudadana, tambi\u00e9n decidi\u00f3 no realizar la actividad prevista para hoy en el Parque Industrial <a class=\"mh-excerpt-more\" href=\"http:\/\/dsrmedios.com.ar\/diario\/archivos\/1625\" title=\"Suspenden todos los actos de campa\u00f1a a nivel nacional por la aparici\u00f3n de Maldonado\">[Leer m\u00e1s]<\/a><\/p>\n<\/div>","protected":false},"author":5,"featured_media":1622,"comment_status":"open","ping_status":"closed","sticky":false,"template":"","format":"standard","meta":{"_jetpack_newsletter_access":""},"categories":[18],"tags":[],"jetpack_featured_media_url":"http:\/\/dsrmedios.com.ar\/diario\/wp-content\/uploads\/2017\/10\/candidatos2017_0.jpg","jetpack_sharing_enabled":true,"jetpack_shortlink":"https:\/\/wp.me\/p9fihK-qd","_links":{"self":[{"href":"http:\/\/dsrmedios.com.ar\/diario\/wp-json\/wp\/v2\/posts\/1625"}],"collection":[{"href":"http:\/\/dsrmedios.com.ar\/diario\/wp-json\/wp\/v2\/posts"}],"about":[{"href":"http:\/\/dsrmedios.com.ar\/diario\/wp-json\/wp\/v2\/types\/post"}],"author":[{"embeddable":true,"href":"http:\/\/dsrmedios.com.ar\/diario\/wp-json\/wp\/v2\/users\/5"}],"replies":[{"embeddable":true,"href":"http:\/\/dsrmedios.com.ar\/diario\/wp-json\/wp\/v2\/comments?post=1625"}],"version-history":[{"count":1,"href":"http:\/\/dsrmedios.com.ar\/diario\/wp-json\/wp\/v2\/posts\/1625\/revisions"}],"predecessor-version":[{"id":1626,"href":"http:\/\/dsrmedios.com.ar\/diario\/wp-json\/wp\/v2\/posts\/1625\/revisions\/1626"}],"wp:featuredmedia":[{"embeddable":true,"href":"http:\/\/dsrmedios.com.ar\/diario\/wp-json\/wp\/v2\/media\/1622"}],"wp:attachment":[{"href":"http:\/\/dsrmedios.com.ar\/diario\/wp-json\/wp\/v2\/media?parent=1625"}],"wp:term":[{"taxonomy":"category","embeddable":true,"href":"http:\/\/dsrmedios.com.ar\/diario\/wp-json\/wp\/v2\/categories?post=1625"},{"taxonomy":"post_tag","embeddable":true,"href":"http:\/\/dsrmedios.com.ar\/diario\/wp-json\/wp\/v2\/tags?post=1625"}],"curies":[{"name":"wp","href":"https:\/\/api.w.org\/{rel}","templated":true}]}}