{"id":1607,"date":"2017-10-18T09:13:23","date_gmt":"2017-10-18T12:13:23","guid":{"rendered":"http:\/\/dsrmedios.com.ar\/diario\/?p=1607"},"modified":"2017-10-18T09:13:23","modified_gmt":"2017-10-18T12:13:23","slug":"es-ley-el-regreso-de-los-feriados-largos-para-el-ano-2018","status":"publish","type":"post","link":"http:\/\/dsrmedios.com.ar\/diario\/archivos\/1607","title":{"rendered":"Es Ley el regreso de los feriados largos para el a\u00f1o 2018"},"content":{"rendered":"<p>El Gobierno nacional promulg\u00f3 hoy la ley que restablece los\u00a0<strong>feriados puente<\/strong>\u00a0y fija los d\u00edas festivos del a\u00f1o pr\u00f3ximo, sancionada a fines de septiembre por el Congreso.<\/p>\n<p>La medida, que repone la herramienta que hab\u00eda sido eliminada mediante un decreto de necesidad y urgencia (DNU) a comienzos de este a\u00f1o y faculta al Poder Ejecutivo Nacional (PEN) a proponer hasta\u00a0<strong>tres feriados puente anuales<\/strong>, fue dispuesta a trav\u00e9s del decreto 831\/2017, publicado hoy en el Bolet\u00edn Oficial junto al texto de la ley 27.399.<\/p>\n<p>La norma ahora promulgada fija como\u00a0<a href=\"https:\/\/www.clarin.com\/feriados\/2018\" data-cke-saved-href=\"https:\/\/www.clarin.com\/feriados\/2018\"><strong>feriados inamovibles\u00a0<\/strong>de 2018<\/a>\u00a0el lunes 1\u00b0 de enero (A\u00f1o Nuevo); lunes y martes de Carnaval; 24 de marzo (D\u00eda Nacional de la Memoria por la Verdad y la Justicia); Viernes Santo; 2 de abril (D\u00eda del Veterano y de los Ca\u00eddos en la Guerra de Malvinas); 1\u00b0 de mayo (D\u00eda del Trabajo); 25 de mayo (D\u00eda de la Revoluci\u00f3n de Mayo); 20 de junio (Paso a la Inmortalidad del General Manuel Belgrano); 9 de julio (D\u00eda de la Independencia); 8 de diciembre (D\u00eda de la Inmaculada Concepci\u00f3n de Mar\u00eda) y 25 de diciembre (Navidad).<\/p>\n<p>En tanto, establece como\u00a0<a href=\"https:\/\/www.clarin.com\/feriados\/2018\" data-cke-saved-href=\"https:\/\/www.clarin.com\/feriados\/2018\"><strong>feriados nacionales trasladables<\/strong><\/a>\u00a0el 17 de junio (Paso a la Inmortalidad del General Mart\u00edn Miguel de G\u00fcemes); 17 de agosto (Paso a la Inmortalidad del General Jos\u00e9 de San Mart\u00edn); 12 de octubre (D\u00eda del Respeto a la Diversidad Cultural) y 20 de noviembre (D\u00eda de la Soberan\u00eda Nacional).<\/p>\n<p>En el cap\u00edtulo sobre fines de semanas largos, el texto aprobado por el Parlamento y promulgado por la Casa Rosada indica que\u00a0<strong>los feriados nacionales trasladables cuyas fechas coincidan con los d\u00edas martes y mi\u00e9rcoles &#8220;ser\u00e1n trasladados al d\u00eda lunes anterior&#8221;<\/strong>, en tanto que &#8220;los que coincidan con los d\u00edas jueves y viernes ser\u00e1n trasladados al d\u00eda lunes siguiente&#8221;.<\/p>\n<p>Asimismo, la ley contempla que el Poder Ejecutivo Nacional podr\u00e1, adicionalmente, &#8220;fijar anualmente\u00a0<strong>hasta tres d\u00edas feriados o no laborables destinados a promover la actividad tur\u00edstica<\/strong>, que deber\u00e1n coincidir con los d\u00edas lunes o viernes&#8221;. Estos feriados, a\u00f1ade la normativa, &#8220;gozar\u00e1n en el aspecto remunerativo de los mismos derechos que establece la legislaci\u00f3n actual respecto de los feriados nacionales&#8221;.<\/p>\n<p>fuente:www.clarin.com.ar<\/p>\n","protected":false},"excerpt":{"rendered":"<div class=\"mh-excerpt\"><p>El Gobierno nacional promulg\u00f3 hoy la ley que restablece los\u00a0feriados puente\u00a0y fija los d\u00edas festivos del a\u00f1o pr\u00f3ximo, sancionada a fines de septiembre por el Congreso. La medida, que repone la herramienta que hab\u00eda sido eliminada mediante un decreto de necesidad y urgencia (DNU) a comienzos de este a\u00f1o y faculta al Poder Ejecutivo Nacional (PEN) a proponer hasta\u00a0tres feriados puente anuales, fue dispuesta a trav\u00e9s del decreto 831\/2017, publicado hoy en el Bolet\u00edn Oficial junto al texto de la ley 27.399. La norma ahora promulgada fija como\u00a0feriados inamovibles\u00a0de 2018\u00a0el lunes 1\u00b0 de enero (A\u00f1o Nuevo); lunes y martes de <a class=\"mh-excerpt-more\" href=\"http:\/\/dsrmedios.com.ar\/diario\/archivos\/1607\" title=\"Es Ley el regreso de los feriados largos para el a\u00f1o 2018\">[Leer m\u00e1s]<\/a><\/p>\n<\/div>","protected":false},"author":5,"featured_media":83,"comment_status":"open","ping_status":"closed","sticky":false,"template":"","format":"standard","meta":{"_jetpack_newsletter_access":""},"categories":[18,6],"tags":[],"jetpack_featured_media_url":"http:\/\/dsrmedios.com.ar\/diario\/wp-content\/uploads\/2017\/09\/feriadolargo.jpg","jetpack_sharing_enabled":true,"jetpack_shortlink":"https:\/\/wp.me\/p9fihK-pV","_links":{"self":[{"href":"http:\/\/dsrmedios.com.ar\/diario\/wp-json\/wp\/v2\/posts\/1607"}],"collection":[{"href":"http:\/\/dsrmedios.com.ar\/diario\/wp-json\/wp\/v2\/posts"}],"about":[{"href":"http:\/\/dsrmedios.com.ar\/diario\/wp-json\/wp\/v2\/types\/post"}],"author":[{"embeddable":true,"href":"http:\/\/dsrmedios.com.ar\/diario\/wp-json\/wp\/v2\/users\/5"}],"replies":[{"embeddable":true,"href":"http:\/\/dsrmedios.com.ar\/diario\/wp-json\/wp\/v2\/comments?post=1607"}],"version-history":[{"count":1,"href":"http:\/\/dsrmedios.com.ar\/diario\/wp-json\/wp\/v2\/posts\/1607\/revisions"}],"predecessor-version":[{"id":1608,"href":"http:\/\/dsrmedios.com.ar\/diario\/wp-json\/wp\/v2\/posts\/1607\/revisions\/1608"}],"wp:featuredmedia":[{"embeddable":true,"href":"http:\/\/dsrmedios.com.ar\/diario\/wp-json\/wp\/v2\/media\/83"}],"wp:attachment":[{"href":"http:\/\/dsrmedios.com.ar\/diario\/wp-json\/wp\/v2\/media?parent=1607"}],"wp:term":[{"taxonomy":"category","embeddable":true,"href":"http:\/\/dsrmedios.com.ar\/diario\/wp-json\/wp\/v2\/categories?post=1607"},{"taxonomy":"post_tag","embeddable":true,"href":"http:\/\/dsrmedios.com.ar\/diario\/wp-json\/wp\/v2\/tags?post=1607"}],"curies":[{"name":"wp","href":"https:\/\/api.w.org\/{rel}","templated":true}]}}