{"id":1600,"date":"2017-10-18T08:50:54","date_gmt":"2017-10-18T11:50:54","guid":{"rendered":"http:\/\/dsrmedios.com.ar\/diario\/?p=1600"},"modified":"2017-10-18T08:50:54","modified_gmt":"2017-10-18T11:50:54","slug":"otro-grave-accidente-entre-camiones-en-la-ruta-nacional-33","status":"publish","type":"post","link":"http:\/\/dsrmedios.com.ar\/diario\/archivos\/1600","title":{"rendered":"Otro grave accidente entre camiones en la Ruta Nacional 33"},"content":{"rendered":"<p>Un camionero oriundo de Bah\u00eda Blanca sufri\u00f3 m\u00faltiples quebraduras luego de un tremendo choque entre dos camiones ocurrido hoy, en el acceso a la localidad de Goyena, en la Ruta 33.<\/p>\n<p>Seg\u00fan inform\u00f3 la polic\u00eda de Saavedra,\u00a0el incidente se produjo entre un Mercedez Benz, patente IHJ 841, perteneciente a la empresa El Trebol y un Volkswagen, dominio EGF 458, que transportaba un tanque cisterna con glicerina.<\/p>\n<p>La peor parte se la llev\u00f3 el conductor del Volskwagen, identificado como Jonatan Flores Zueedyk, de 23 a\u00f1os, quien sufri\u00f3 severas lesiones producto del impacto y posterior vuelco.<\/p>\n<p>En tanto, la persona que manejaba el otro veh\u00edculo de gran porte, identificado como Daniel Alberto Orbegozo, de 54 a\u00f1os, result\u00f3 ileso.<\/p>\n<p>Flores Zueedyk fue llevado inmediatamente al hospital de Pig\u00fc\u00e9 y se espera que en las pr\u00f3ximas horas sea trasladado a Bah\u00eda Blanca.<\/p>\n","protected":false},"excerpt":{"rendered":"<div class=\"mh-excerpt\"><p>Un camionero oriundo de Bah\u00eda Blanca sufri\u00f3 m\u00faltiples quebraduras luego de un tremendo choque entre dos camiones ocurrido hoy, en el acceso a la localidad de Goyena, en la Ruta 33. Seg\u00fan inform\u00f3 la polic\u00eda de Saavedra,\u00a0el incidente se produjo entre un Mercedez Benz, patente IHJ 841, perteneciente a la empresa El Trebol y un Volkswagen, dominio EGF 458, que transportaba un tanque cisterna con glicerina. La peor parte se la llev\u00f3 el conductor del Volskwagen, identificado como Jonatan Flores Zueedyk, de 23 a\u00f1os, quien sufri\u00f3 severas lesiones producto del impacto y posterior vuelco. En tanto, la persona que manejaba <a class=\"mh-excerpt-more\" href=\"http:\/\/dsrmedios.com.ar\/diario\/archivos\/1600\" title=\"Otro grave accidente entre camiones en la Ruta Nacional 33\">[Leer m\u00e1s]<\/a><\/p>\n<\/div>","protected":false},"author":5,"featured_media":1601,"comment_status":"open","ping_status":"closed","sticky":false,"template":"","format":"standard","meta":{"_jetpack_newsletter_access":""},"categories":[18,8],"tags":[],"jetpack_featured_media_url":"http:\/\/dsrmedios.com.ar\/diario\/wp-content\/uploads\/2017\/10\/choque-camiones.jpg","jetpack_sharing_enabled":true,"jetpack_shortlink":"https:\/\/wp.me\/p9fihK-pO","_links":{"self":[{"href":"http:\/\/dsrmedios.com.ar\/diario\/wp-json\/wp\/v2\/posts\/1600"}],"collection":[{"href":"http:\/\/dsrmedios.com.ar\/diario\/wp-json\/wp\/v2\/posts"}],"about":[{"href":"http:\/\/dsrmedios.com.ar\/diario\/wp-json\/wp\/v2\/types\/post"}],"author":[{"embeddable":true,"href":"http:\/\/dsrmedios.com.ar\/diario\/wp-json\/wp\/v2\/users\/5"}],"replies":[{"embeddable":true,"href":"http:\/\/dsrmedios.com.ar\/diario\/wp-json\/wp\/v2\/comments?post=1600"}],"version-history":[{"count":1,"href":"http:\/\/dsrmedios.com.ar\/diario\/wp-json\/wp\/v2\/posts\/1600\/revisions"}],"predecessor-version":[{"id":1602,"href":"http:\/\/dsrmedios.com.ar\/diario\/wp-json\/wp\/v2\/posts\/1600\/revisions\/1602"}],"wp:featuredmedia":[{"embeddable":true,"href":"http:\/\/dsrmedios.com.ar\/diario\/wp-json\/wp\/v2\/media\/1601"}],"wp:attachment":[{"href":"http:\/\/dsrmedios.com.ar\/diario\/wp-json\/wp\/v2\/media?parent=1600"}],"wp:term":[{"taxonomy":"category","embeddable":true,"href":"http:\/\/dsrmedios.com.ar\/diario\/wp-json\/wp\/v2\/categories?post=1600"},{"taxonomy":"post_tag","embeddable":true,"href":"http:\/\/dsrmedios.com.ar\/diario\/wp-json\/wp\/v2\/tags?post=1600"}],"curies":[{"name":"wp","href":"https:\/\/api.w.org\/{rel}","templated":true}]}}