{"id":1597,"date":"2017-10-18T08:48:38","date_gmt":"2017-10-18T11:48:38","guid":{"rendered":"http:\/\/dsrmedios.com.ar\/diario\/?p=1597"},"modified":"2017-10-18T08:48:38","modified_gmt":"2017-10-18T11:48:38","slug":"comenzo-el-16-la-segunda-campana-antiaftosa-plan-nacional","status":"publish","type":"post","link":"http:\/\/dsrmedios.com.ar\/diario\/archivos\/1597","title":{"rendered":"Comenz\u00f3 el 16 la Segunda Campa\u00f1a Antiaftosa Plan Nacional"},"content":{"rendered":"<p>El Centro Regional Buenos Aires Sur del Servicio Nacional de Sanidad y Calidad Agroalimentaria (Senasa), informa que, desde el 16 de octubre y hasta el 15 de diciembre, se desarrollar\u00e1 la segunda campa\u00f1a antiaftosa.<\/p>\n<p>Los propietarios y tenedores de bovinos y bubalinos deber\u00e1n realizar la vacunaci\u00f3n de todas las categor\u00edas de su ganado, incluyendo vacas y toros.<\/p>\n<p>Esta campa\u00f1a tiene lugar en el marco del Plan Nacional de Control y Erradicaci\u00f3n de la Fiebre Aftosa y su ejecuci\u00f3n se realiza a trav\u00e9s de los respectivos entes sanitarios registrados en cada regi\u00f3n, bajo la supervisi\u00f3n oficial de personal del \u00e1rea de Sanidad Animal del Senasa.<\/p>\n<p>El Plan Nacional de Erradicaci\u00f3n de la Fiebre Aftosa constituye un resguardo para la inmunidad de la ganader\u00eda nacional, a la vez que fortalece el estatus sanitario alcanzado por la Argentina.<\/p>\n<p>Adem\u00e1s deber\u00e1n vacunarse de forma simult\u00e1nea contra Brucelosis a las terneras entre los 3 y 8 meses de edad.<\/p>\n","protected":false},"excerpt":{"rendered":"<div class=\"mh-excerpt\"><p>El Centro Regional Buenos Aires Sur del Servicio Nacional de Sanidad y Calidad Agroalimentaria (Senasa), informa que, desde el 16 de octubre y hasta el 15 de diciembre, se desarrollar\u00e1 la segunda campa\u00f1a antiaftosa. Los propietarios y tenedores de bovinos y bubalinos deber\u00e1n realizar la vacunaci\u00f3n de todas las categor\u00edas de su ganado, incluyendo vacas y toros. Esta campa\u00f1a tiene lugar en el marco del Plan Nacional de Control y Erradicaci\u00f3n de la Fiebre Aftosa y su ejecuci\u00f3n se realiza a trav\u00e9s de los respectivos entes sanitarios registrados en cada regi\u00f3n, bajo la supervisi\u00f3n oficial de personal del \u00e1rea de <a class=\"mh-excerpt-more\" href=\"http:\/\/dsrmedios.com.ar\/diario\/archivos\/1597\" title=\"Comenz\u00f3 el 16 la Segunda Campa\u00f1a Antiaftosa Plan Nacional\">[Leer m\u00e1s]<\/a><\/p>\n<\/div>","protected":false},"author":5,"featured_media":1598,"comment_status":"open","ping_status":"closed","sticky":false,"template":"","format":"standard","meta":{"_jetpack_newsletter_access":""},"categories":[18,7],"tags":[],"jetpack_featured_media_url":"http:\/\/dsrmedios.com.ar\/diario\/wp-content\/uploads\/2017\/10\/Vacunacion-121799.jpg","jetpack_sharing_enabled":true,"jetpack_shortlink":"https:\/\/wp.me\/p9fihK-pL","_links":{"self":[{"href":"http:\/\/dsrmedios.com.ar\/diario\/wp-json\/wp\/v2\/posts\/1597"}],"collection":[{"href":"http:\/\/dsrmedios.com.ar\/diario\/wp-json\/wp\/v2\/posts"}],"about":[{"href":"http:\/\/dsrmedios.com.ar\/diario\/wp-json\/wp\/v2\/types\/post"}],"author":[{"embeddable":true,"href":"http:\/\/dsrmedios.com.ar\/diario\/wp-json\/wp\/v2\/users\/5"}],"replies":[{"embeddable":true,"href":"http:\/\/dsrmedios.com.ar\/diario\/wp-json\/wp\/v2\/comments?post=1597"}],"version-history":[{"count":1,"href":"http:\/\/dsrmedios.com.ar\/diario\/wp-json\/wp\/v2\/posts\/1597\/revisions"}],"predecessor-version":[{"id":1599,"href":"http:\/\/dsrmedios.com.ar\/diario\/wp-json\/wp\/v2\/posts\/1597\/revisions\/1599"}],"wp:featuredmedia":[{"embeddable":true,"href":"http:\/\/dsrmedios.com.ar\/diario\/wp-json\/wp\/v2\/media\/1598"}],"wp:attachment":[{"href":"http:\/\/dsrmedios.com.ar\/diario\/wp-json\/wp\/v2\/media?parent=1597"}],"wp:term":[{"taxonomy":"category","embeddable":true,"href":"http:\/\/dsrmedios.com.ar\/diario\/wp-json\/wp\/v2\/categories?post=1597"},{"taxonomy":"post_tag","embeddable":true,"href":"http:\/\/dsrmedios.com.ar\/diario\/wp-json\/wp\/v2\/tags?post=1597"}],"curies":[{"name":"wp","href":"https:\/\/api.w.org\/{rel}","templated":true}]}}