{"id":1592,"date":"2017-10-18T08:27:54","date_gmt":"2017-10-18T11:27:54","guid":{"rendered":"http:\/\/dsrmedios.com.ar\/diario\/?p=1592"},"modified":"2017-10-18T08:27:54","modified_gmt":"2017-10-18T11:27:54","slug":"ultiman-detalles-para-la-puesta-en-marcha-del-hogar-de-abuelos-en-villa-maza","status":"publish","type":"post","link":"http:\/\/dsrmedios.com.ar\/diario\/archivos\/1592","title":{"rendered":"Ultiman detalles para la puesta en marcha del Hogar de Abuelos en Villa Maza"},"content":{"rendered":"<p>El Intendente David Hirtz, se reuni\u00f3 con los integrantes de la Comisi\u00f3n de comisiones para ultimar detalles de tipo administrativo y coordinar la puesta en marcha del Hogar de Abuelos.<br \/>\nLa obra se encuentra en su etapa final y estiman que la inauguraci\u00f3n ser\u00e1 en enero.<br \/>\nEl Intendente afirm\u00f3 que este \u201cun sue\u00f1o para Villa Maza y tambi\u00e9n para mi gesti\u00f3n\u201d.<br \/>\nLuego, Hirtz recorri\u00f3 las obras que est\u00e1n en marcha en la ciudad: luminaria, desag\u00fces pluviales, cord\u00f3n cuneta y asfalto. As\u00ed como tambi\u00e9n, las viviendas del Plan Techo Digno que adelant\u00f3 que han \u201cdestrabado fondos con el Ministerio de Interior de la Naci\u00f3n y antes de fin de a\u00f1o la empresa va a retomar la construcci\u00f3n en todas las localidades del distrito.<br \/>\nEn su recorrida estuvo acompa\u00f1ado por parte del Gabinete, \u00a0el Concejal Juan de Ortuzar y candidatos.<\/p>\n","protected":false},"excerpt":{"rendered":"<div class=\"mh-excerpt\"><p>El Intendente David Hirtz, se reuni\u00f3 con los integrantes de la Comisi\u00f3n de comisiones para ultimar detalles de tipo administrativo y coordinar la puesta en marcha del Hogar de Abuelos. La obra se encuentra en su etapa final y estiman que la inauguraci\u00f3n ser\u00e1 en enero. El Intendente afirm\u00f3 que este \u201cun sue\u00f1o para Villa Maza y tambi\u00e9n para mi gesti\u00f3n\u201d. Luego, Hirtz recorri\u00f3 las obras que est\u00e1n en marcha en la ciudad: luminaria, desag\u00fces pluviales, cord\u00f3n cuneta y asfalto. As\u00ed como tambi\u00e9n, las viviendas del Plan Techo Digno que adelant\u00f3 que han \u201cdestrabado fondos con el Ministerio de Interior <a class=\"mh-excerpt-more\" href=\"http:\/\/dsrmedios.com.ar\/diario\/archivos\/1592\" title=\"Ultiman detalles para la puesta en marcha del Hogar de Abuelos en Villa Maza\">[Leer m\u00e1s]<\/a><\/p>\n<\/div>","protected":false},"author":5,"featured_media":1593,"comment_status":"open","ping_status":"closed","sticky":false,"template":"","format":"standard","meta":{"_jetpack_newsletter_access":""},"categories":[18,5],"tags":[],"jetpack_featured_media_url":"http:\/\/dsrmedios.com.ar\/diario\/wp-content\/uploads\/2017\/10\/villa-maza-hogar.jpg","jetpack_sharing_enabled":true,"jetpack_shortlink":"https:\/\/wp.me\/p9fihK-pG","_links":{"self":[{"href":"http:\/\/dsrmedios.com.ar\/diario\/wp-json\/wp\/v2\/posts\/1592"}],"collection":[{"href":"http:\/\/dsrmedios.com.ar\/diario\/wp-json\/wp\/v2\/posts"}],"about":[{"href":"http:\/\/dsrmedios.com.ar\/diario\/wp-json\/wp\/v2\/types\/post"}],"author":[{"embeddable":true,"href":"http:\/\/dsrmedios.com.ar\/diario\/wp-json\/wp\/v2\/users\/5"}],"replies":[{"embeddable":true,"href":"http:\/\/dsrmedios.com.ar\/diario\/wp-json\/wp\/v2\/comments?post=1592"}],"version-history":[{"count":1,"href":"http:\/\/dsrmedios.com.ar\/diario\/wp-json\/wp\/v2\/posts\/1592\/revisions"}],"predecessor-version":[{"id":1594,"href":"http:\/\/dsrmedios.com.ar\/diario\/wp-json\/wp\/v2\/posts\/1592\/revisions\/1594"}],"wp:featuredmedia":[{"embeddable":true,"href":"http:\/\/dsrmedios.com.ar\/diario\/wp-json\/wp\/v2\/media\/1593"}],"wp:attachment":[{"href":"http:\/\/dsrmedios.com.ar\/diario\/wp-json\/wp\/v2\/media?parent=1592"}],"wp:term":[{"taxonomy":"category","embeddable":true,"href":"http:\/\/dsrmedios.com.ar\/diario\/wp-json\/wp\/v2\/categories?post=1592"},{"taxonomy":"post_tag","embeddable":true,"href":"http:\/\/dsrmedios.com.ar\/diario\/wp-json\/wp\/v2\/tags?post=1592"}],"curies":[{"name":"wp","href":"https:\/\/api.w.org\/{rel}","templated":true}]}}