{"id":1589,"date":"2017-10-18T08:25:47","date_gmt":"2017-10-18T11:25:47","guid":{"rendered":"http:\/\/dsrmedios.com.ar\/diario\/?p=1589"},"modified":"2017-10-18T08:25:47","modified_gmt":"2017-10-18T11:25:47","slug":"guamini-le-presento-a-lorenzino-el-pedido-de-inmediato-trasvase-de-agua-hacia-epecuen","status":"publish","type":"post","link":"http:\/\/dsrmedios.com.ar\/diario\/archivos\/1589","title":{"rendered":"Guamin\u00ed le presento a Lorenzino el pedido de inmediato trasvase de agua hacia Epecu\u00e9n"},"content":{"rendered":"<p>El municipio de Guamin\u00ed pidi\u00f3 al Defensor del Pueblo de la Provincia de Buenos Aires, Guido Lorenzino, que brinde su respaldo a la comunidad en la b\u00fasqueda de medidas que permitan paliar su delicada situaci\u00f3n h\u00eddrica.<\/p>\n<p>El intendente N\u00e9stor \u00c1lvarez present\u00f3 al funcionario un documento firmado por el Comit\u00e9 de Cuenca Local y vecinos del distrito, angustiados por la falta de respuestas de la Provincia a sus reclamos.<\/p>\n<p><strong>El jefe comunal analiz\u00f3 con Lorenzino &#8220;el inmediato trasvase de agua hacia lago Epecu\u00e9n&#8221;, medida que es rechazada por el distrito de Adolfo Alsina.<\/strong><\/p>\n<p>Tambi\u00e9n se evaluaron las medidas para evitar que el sistema de las Encadenadas del Oeste reciba m\u00e1s agua, lo que b\u00e1sicamente implicar\u00eda clausurar unos 40 canales clandestinos que ya fueron denunciados y efectuar un tap\u00f3n en el r\u00edo Sauce Corto que no sea removido en caso de fuertes crecidas (como sucedi\u00f3 el 10 del mes pasado).<\/p>\n<p>\u00c1lvarez acord\u00f3 con Lorenzino &#8220;realizar una mesa de trabajo para definir futuras medidas que brinden respuestas a los vecinos del distrito&#8221;.<\/p>\n<p>&#8220;La Defensor\u00eda va a acompa\u00f1ar a la comunidad en el reclamo y ponemos a disposici\u00f3n todas las herramientas jur\u00eddicas y legales que permitan resolver esta problem\u00e1tica\u201d, puntualiz\u00f3 Lorenzino, quien estuvo acompa\u00f1ado por el secretario de Obras y Servicios P\u00fablicos del ente, Jorge Ruesga,\u00a0<a href=\"http:\/\/www.lanueva.com\/admin\/news\/article\/Guamin%C3%AD%20va%20a%20la%20Defensor%C3%ADa%20del%20Pueblo%20a%20pedir%20el%20trasvase%20a%20Epecu%C3%A9n\" target=\"_blank\" rel=\"noopener\">quien visit\u00f3 la semana pasada la regi\u00f3n<\/a>.<\/p>\n<p>fuente:www.lanueva.com.ar<\/p>\n","protected":false},"excerpt":{"rendered":"<div class=\"mh-excerpt\"><p>El municipio de Guamin\u00ed pidi\u00f3 al Defensor del Pueblo de la Provincia de Buenos Aires, Guido Lorenzino, que brinde su respaldo a la comunidad en la b\u00fasqueda de medidas que permitan paliar su delicada situaci\u00f3n h\u00eddrica. El intendente N\u00e9stor \u00c1lvarez present\u00f3 al funcionario un documento firmado por el Comit\u00e9 de Cuenca Local y vecinos del distrito, angustiados por la falta de respuestas de la Provincia a sus reclamos. El jefe comunal analiz\u00f3 con Lorenzino &#8220;el inmediato trasvase de agua hacia lago Epecu\u00e9n&#8221;, medida que es rechazada por el distrito de Adolfo Alsina. Tambi\u00e9n se evaluaron las medidas para evitar que <a class=\"mh-excerpt-more\" href=\"http:\/\/dsrmedios.com.ar\/diario\/archivos\/1589\" title=\"Guamin\u00ed le presento a Lorenzino el pedido de inmediato trasvase de agua hacia Epecu\u00e9n\">[Leer m\u00e1s]<\/a><\/p>\n<\/div>","protected":false},"author":5,"featured_media":1590,"comment_status":"open","ping_status":"closed","sticky":false,"template":"","format":"standard","meta":{"_jetpack_newsletter_access":""},"categories":[18],"tags":[],"jetpack_featured_media_url":"http:\/\/dsrmedios.com.ar\/diario\/wp-content\/uploads\/2017\/10\/defen.jpg","jetpack_sharing_enabled":true,"jetpack_shortlink":"https:\/\/wp.me\/p9fihK-pD","_links":{"self":[{"href":"http:\/\/dsrmedios.com.ar\/diario\/wp-json\/wp\/v2\/posts\/1589"}],"collection":[{"href":"http:\/\/dsrmedios.com.ar\/diario\/wp-json\/wp\/v2\/posts"}],"about":[{"href":"http:\/\/dsrmedios.com.ar\/diario\/wp-json\/wp\/v2\/types\/post"}],"author":[{"embeddable":true,"href":"http:\/\/dsrmedios.com.ar\/diario\/wp-json\/wp\/v2\/users\/5"}],"replies":[{"embeddable":true,"href":"http:\/\/dsrmedios.com.ar\/diario\/wp-json\/wp\/v2\/comments?post=1589"}],"version-history":[{"count":1,"href":"http:\/\/dsrmedios.com.ar\/diario\/wp-json\/wp\/v2\/posts\/1589\/revisions"}],"predecessor-version":[{"id":1591,"href":"http:\/\/dsrmedios.com.ar\/diario\/wp-json\/wp\/v2\/posts\/1589\/revisions\/1591"}],"wp:featuredmedia":[{"embeddable":true,"href":"http:\/\/dsrmedios.com.ar\/diario\/wp-json\/wp\/v2\/media\/1590"}],"wp:attachment":[{"href":"http:\/\/dsrmedios.com.ar\/diario\/wp-json\/wp\/v2\/media?parent=1589"}],"wp:term":[{"taxonomy":"category","embeddable":true,"href":"http:\/\/dsrmedios.com.ar\/diario\/wp-json\/wp\/v2\/categories?post=1589"},{"taxonomy":"post_tag","embeddable":true,"href":"http:\/\/dsrmedios.com.ar\/diario\/wp-json\/wp\/v2\/tags?post=1589"}],"curies":[{"name":"wp","href":"https:\/\/api.w.org\/{rel}","templated":true}]}}