{"id":1586,"date":"2017-10-18T08:19:45","date_gmt":"2017-10-18T11:19:45","guid":{"rendered":"http:\/\/dsrmedios.com.ar\/diario\/?p=1586"},"modified":"2017-10-18T08:19:45","modified_gmt":"2017-10-18T11:19:45","slug":"nuestra-oferta-turistica-se-presento-en-la-expo-olavarria-2017","status":"publish","type":"post","link":"http:\/\/dsrmedios.com.ar\/diario\/archivos\/1586","title":{"rendered":"Nuestra oferta tur\u00edstica se present\u00f3 en la Expo Olavarr\u00eda 2017"},"content":{"rendered":"<p>Durante el fin de semana se realiz\u00f3 promoci\u00f3n tur\u00edstica de Lago Epecu\u00e9n Carhu\u00e9 en la Expo 2017 de Olavarr\u00eda.<br \/>\nMiles de personas de toda la regi\u00f3n visitaron la feria y se acercaron al stand donde se los asesor\u00f3 con informaci\u00f3n y material de difusi\u00f3n sobre nuestro distrito como destino tur\u00edstico.<br \/>\n<strong>Con la mirada en la FIT<\/strong><br \/>\nAsimismo desde la Secretar\u00eda de Turismo se encuentran preparando los materiales para participar como todos los a\u00f1os, de la Feria Internacional de Turismo (FIT) en Capital Federal.<br \/>\nSer\u00e1 del 29 al \u00a031 de octubre y Lago Epecu\u00e9n Carhu\u00e9 tendr\u00e1 un stand brindado por la Secretar\u00eda de Turismo de la Provincia.<br \/>\nLas Ferias son un lugar estrat\u00e9gico de promoci\u00f3n, porque permiten alcanzar a una gran cantidad de personas interesadas en viajar y planeando sus vacaciones.<\/p>\n","protected":false},"excerpt":{"rendered":"<div class=\"mh-excerpt\"><p>Durante el fin de semana se realiz\u00f3 promoci\u00f3n tur\u00edstica de Lago Epecu\u00e9n Carhu\u00e9 en la Expo 2017 de Olavarr\u00eda. Miles de personas de toda la regi\u00f3n visitaron la feria y se acercaron al stand donde se los asesor\u00f3 con informaci\u00f3n y material de difusi\u00f3n sobre nuestro distrito como destino tur\u00edstico. Con la mirada en la FIT Asimismo desde la Secretar\u00eda de Turismo se encuentran preparando los materiales para participar como todos los a\u00f1os, de la Feria Internacional de Turismo (FIT) en Capital Federal. Ser\u00e1 del 29 al \u00a031 de octubre y Lago Epecu\u00e9n Carhu\u00e9 tendr\u00e1 un stand brindado por la <a class=\"mh-excerpt-more\" href=\"http:\/\/dsrmedios.com.ar\/diario\/archivos\/1586\" title=\"Nuestra oferta tur\u00edstica se present\u00f3 en la Expo Olavarr\u00eda 2017\">[Leer m\u00e1s]<\/a><\/p>\n<\/div>","protected":false},"author":5,"featured_media":1587,"comment_status":"open","ping_status":"closed","sticky":false,"template":"","format":"standard","meta":{"_jetpack_newsletter_access":""},"categories":[18,5],"tags":[],"jetpack_featured_media_url":"http:\/\/dsrmedios.com.ar\/diario\/wp-content\/uploads\/2017\/10\/exporutimso.jpg","jetpack_sharing_enabled":true,"jetpack_shortlink":"https:\/\/wp.me\/p9fihK-pA","_links":{"self":[{"href":"http:\/\/dsrmedios.com.ar\/diario\/wp-json\/wp\/v2\/posts\/1586"}],"collection":[{"href":"http:\/\/dsrmedios.com.ar\/diario\/wp-json\/wp\/v2\/posts"}],"about":[{"href":"http:\/\/dsrmedios.com.ar\/diario\/wp-json\/wp\/v2\/types\/post"}],"author":[{"embeddable":true,"href":"http:\/\/dsrmedios.com.ar\/diario\/wp-json\/wp\/v2\/users\/5"}],"replies":[{"embeddable":true,"href":"http:\/\/dsrmedios.com.ar\/diario\/wp-json\/wp\/v2\/comments?post=1586"}],"version-history":[{"count":1,"href":"http:\/\/dsrmedios.com.ar\/diario\/wp-json\/wp\/v2\/posts\/1586\/revisions"}],"predecessor-version":[{"id":1588,"href":"http:\/\/dsrmedios.com.ar\/diario\/wp-json\/wp\/v2\/posts\/1586\/revisions\/1588"}],"wp:featuredmedia":[{"embeddable":true,"href":"http:\/\/dsrmedios.com.ar\/diario\/wp-json\/wp\/v2\/media\/1587"}],"wp:attachment":[{"href":"http:\/\/dsrmedios.com.ar\/diario\/wp-json\/wp\/v2\/media?parent=1586"}],"wp:term":[{"taxonomy":"category","embeddable":true,"href":"http:\/\/dsrmedios.com.ar\/diario\/wp-json\/wp\/v2\/categories?post=1586"},{"taxonomy":"post_tag","embeddable":true,"href":"http:\/\/dsrmedios.com.ar\/diario\/wp-json\/wp\/v2\/tags?post=1586"}],"curies":[{"name":"wp","href":"https:\/\/api.w.org\/{rel}","templated":true}]}}