{"id":1583,"date":"2017-10-17T10:35:52","date_gmt":"2017-10-17T13:35:52","guid":{"rendered":"http:\/\/dsrmedios.com.ar\/diario\/?p=1583"},"modified":"2017-10-17T10:35:52","modified_gmt":"2017-10-17T13:35:52","slug":"se-abre-la-inscripcion-para-la-carrera-de-enfermeria-profesional-en-carhue","status":"publish","type":"post","link":"http:\/\/dsrmedios.com.ar\/diario\/archivos\/1583","title":{"rendered":"Se abre la inscripci\u00f3n para la\u00a0carrera de Enfermer\u00eda Profesional en Carhu\u00e9"},"content":{"rendered":"<p>En 2018 se dictar\u00e1 la carrera de Enfermero Profesional en el Instituto Superior de Formaci\u00f3n San Jos\u00e9 de Carhu\u00e9 con la cooperaci\u00f3n del Municipio.<br \/>\nLa tecnicatura Profesional en Enfermer\u00eda dura 3 a\u00f1os y tiene salida laboral tanto en el \u00e1mbito p\u00fablico como privado.<br \/>\nLa \u00a0Preinscripci\u00f3n se encuentra abierta hasta el 10 de noviembre \u00a0todos los d\u00edas de 18 a 21hs en la Secretar\u00eda del Instituto San Jos\u00e9, ubicado en Col\u00f3n y Alsina.<br \/>\nLa carrera fue presentada en una conferencia de prensa en la que estuvieron presentes las autoridades del Instituto; Diana Otero, Directora de Salud del Municipio; Gabriela Actis, Directora de Cultura; Marcelo Lanzilotta, Director del Hospital General San Mart\u00edn;y Anabela Inchauspe, Jefa de Gesti\u00f3n Universitaria .<\/p>\n","protected":false},"excerpt":{"rendered":"<div class=\"mh-excerpt\"><p>En 2018 se dictar\u00e1 la carrera de Enfermero Profesional en el Instituto Superior de Formaci\u00f3n San Jos\u00e9 de Carhu\u00e9 con la cooperaci\u00f3n del Municipio. La tecnicatura Profesional en Enfermer\u00eda dura 3 a\u00f1os y tiene salida laboral tanto en el \u00e1mbito p\u00fablico como privado. La \u00a0Preinscripci\u00f3n se encuentra abierta hasta el 10 de noviembre \u00a0todos los d\u00edas de 18 a 21hs en la Secretar\u00eda del Instituto San Jos\u00e9, ubicado en Col\u00f3n y Alsina. La carrera fue presentada en una conferencia de prensa en la que estuvieron presentes las autoridades del Instituto; Diana Otero, Directora de Salud del Municipio; Gabriela Actis, Directora <a class=\"mh-excerpt-more\" href=\"http:\/\/dsrmedios.com.ar\/diario\/archivos\/1583\" title=\"Se abre la inscripci\u00f3n para la\u00a0carrera de Enfermer\u00eda Profesional en Carhu\u00e9\">[Leer m\u00e1s]<\/a><\/p>\n<\/div>","protected":false},"author":5,"featured_media":1584,"comment_status":"open","ping_status":"closed","sticky":false,"template":"","format":"standard","meta":{"_jetpack_newsletter_access":""},"categories":[18,5],"tags":[],"jetpack_featured_media_url":"http:\/\/dsrmedios.com.ar\/diario\/wp-content\/uploads\/2017\/10\/enfermeria.jpg","jetpack_sharing_enabled":true,"jetpack_shortlink":"https:\/\/wp.me\/p9fihK-px","_links":{"self":[{"href":"http:\/\/dsrmedios.com.ar\/diario\/wp-json\/wp\/v2\/posts\/1583"}],"collection":[{"href":"http:\/\/dsrmedios.com.ar\/diario\/wp-json\/wp\/v2\/posts"}],"about":[{"href":"http:\/\/dsrmedios.com.ar\/diario\/wp-json\/wp\/v2\/types\/post"}],"author":[{"embeddable":true,"href":"http:\/\/dsrmedios.com.ar\/diario\/wp-json\/wp\/v2\/users\/5"}],"replies":[{"embeddable":true,"href":"http:\/\/dsrmedios.com.ar\/diario\/wp-json\/wp\/v2\/comments?post=1583"}],"version-history":[{"count":1,"href":"http:\/\/dsrmedios.com.ar\/diario\/wp-json\/wp\/v2\/posts\/1583\/revisions"}],"predecessor-version":[{"id":1585,"href":"http:\/\/dsrmedios.com.ar\/diario\/wp-json\/wp\/v2\/posts\/1583\/revisions\/1585"}],"wp:featuredmedia":[{"embeddable":true,"href":"http:\/\/dsrmedios.com.ar\/diario\/wp-json\/wp\/v2\/media\/1584"}],"wp:attachment":[{"href":"http:\/\/dsrmedios.com.ar\/diario\/wp-json\/wp\/v2\/media?parent=1583"}],"wp:term":[{"taxonomy":"category","embeddable":true,"href":"http:\/\/dsrmedios.com.ar\/diario\/wp-json\/wp\/v2\/categories?post=1583"},{"taxonomy":"post_tag","embeddable":true,"href":"http:\/\/dsrmedios.com.ar\/diario\/wp-json\/wp\/v2\/tags?post=1583"}],"curies":[{"name":"wp","href":"https:\/\/api.w.org\/{rel}","templated":true}]}}