{"id":1580,"date":"2017-10-17T10:26:11","date_gmt":"2017-10-17T13:26:11","guid":{"rendered":"http:\/\/dsrmedios.com.ar\/diario\/?p=1580"},"modified":"2017-10-17T10:26:11","modified_gmt":"2017-10-17T13:26:11","slug":"indignacion-de-vecinos-por-vandalismo-realizado-en-el-cementerio-viejo","status":"publish","type":"post","link":"http:\/\/dsrmedios.com.ar\/diario\/archivos\/1580","title":{"rendered":"Indignaci\u00f3n de vecinos por vandalismo realizado en el cementerio viejo"},"content":{"rendered":"<p>Por razones que se desconocen, d\u00edas atr\u00e1s vandalizaron varias tumbas del viejo cementerio de Carhu\u00e9 que estuvo bajo las aguas por casi 30 a\u00f1os y que ahora ha reaparecido. Vecinos mostraron su profundo dolor e indignaci\u00f3n en las redes sociales, publicando fotograf\u00edas de las tumbas a las que se les volcaron sus espaldares. Una incre\u00edble acci\u00f3n que demuestra la ignorancia y falta de todo respeto por parte de quienes lo realizaron.<\/p>\n<p>No es la primera vez que ocurren desmanes de esta naturaleza, al principio, cuando reaparecieron las sepulturas se pod\u00eda ver con claridad como robaban las placas e inscripciones de bronce y otros adornos. Al parecer se ha convertido en rutina el hecho de estos vandalismos.<\/p>\n","protected":false},"excerpt":{"rendered":"<div class=\"mh-excerpt\"><p>Por razones que se desconocen, d\u00edas atr\u00e1s vandalizaron varias tumbas del viejo cementerio de Carhu\u00e9 que estuvo bajo las aguas por casi 30 a\u00f1os y que ahora ha reaparecido. Vecinos mostraron su profundo dolor e indignaci\u00f3n en las redes sociales, publicando fotograf\u00edas de las tumbas a las que se les volcaron sus espaldares. Una incre\u00edble acci\u00f3n que demuestra la ignorancia y falta de todo respeto por parte de quienes lo realizaron. No es la primera vez que ocurren desmanes de esta naturaleza, al principio, cuando reaparecieron las sepulturas se pod\u00eda ver con claridad como robaban las placas e inscripciones de <a class=\"mh-excerpt-more\" href=\"http:\/\/dsrmedios.com.ar\/diario\/archivos\/1580\" title=\"Indignaci\u00f3n de vecinos por vandalismo realizado en el cementerio viejo\">[Leer m\u00e1s]<\/a><\/p>\n<\/div>","protected":false},"author":5,"featured_media":1581,"comment_status":"open","ping_status":"closed","sticky":false,"template":"","format":"standard","meta":{"_jetpack_newsletter_access":""},"categories":[2,18],"tags":[],"jetpack_featured_media_url":"http:\/\/dsrmedios.com.ar\/diario\/wp-content\/uploads\/2017\/10\/cemen2.jpg","jetpack_sharing_enabled":true,"jetpack_shortlink":"https:\/\/wp.me\/p9fihK-pu","_links":{"self":[{"href":"http:\/\/dsrmedios.com.ar\/diario\/wp-json\/wp\/v2\/posts\/1580"}],"collection":[{"href":"http:\/\/dsrmedios.com.ar\/diario\/wp-json\/wp\/v2\/posts"}],"about":[{"href":"http:\/\/dsrmedios.com.ar\/diario\/wp-json\/wp\/v2\/types\/post"}],"author":[{"embeddable":true,"href":"http:\/\/dsrmedios.com.ar\/diario\/wp-json\/wp\/v2\/users\/5"}],"replies":[{"embeddable":true,"href":"http:\/\/dsrmedios.com.ar\/diario\/wp-json\/wp\/v2\/comments?post=1580"}],"version-history":[{"count":1,"href":"http:\/\/dsrmedios.com.ar\/diario\/wp-json\/wp\/v2\/posts\/1580\/revisions"}],"predecessor-version":[{"id":1582,"href":"http:\/\/dsrmedios.com.ar\/diario\/wp-json\/wp\/v2\/posts\/1580\/revisions\/1582"}],"wp:featuredmedia":[{"embeddable":true,"href":"http:\/\/dsrmedios.com.ar\/diario\/wp-json\/wp\/v2\/media\/1581"}],"wp:attachment":[{"href":"http:\/\/dsrmedios.com.ar\/diario\/wp-json\/wp\/v2\/media?parent=1580"}],"wp:term":[{"taxonomy":"category","embeddable":true,"href":"http:\/\/dsrmedios.com.ar\/diario\/wp-json\/wp\/v2\/categories?post=1580"},{"taxonomy":"post_tag","embeddable":true,"href":"http:\/\/dsrmedios.com.ar\/diario\/wp-json\/wp\/v2\/tags?post=1580"}],"curies":[{"name":"wp","href":"https:\/\/api.w.org\/{rel}","templated":true}]}}