{"id":1548,"date":"2017-10-17T08:37:06","date_gmt":"2017-10-17T11:37:06","guid":{"rendered":"http:\/\/dsrmedios.com.ar\/diario\/?p=1548"},"modified":"2017-10-17T08:37:06","modified_gmt":"2017-10-17T11:37:06","slug":"el-vice-gobernador-salvador-cerro-la-campana-de-la-sexta-en-salliquelo","status":"publish","type":"post","link":"http:\/\/dsrmedios.com.ar\/diario\/archivos\/1548","title":{"rendered":"El vice gobernador Salvador cerr\u00f3 la campa\u00f1a de la Sexta en Salliquel\u00f3"},"content":{"rendered":"<p>Lo hizo junto al candidato a diputado provincial Emiliano Balb\u00edn, al intendente Jorge Hern\u00e1ndez, y a candidatos, jefes comunales y funcionarios de toda la regi\u00f3n. Previamente el titular del Senado fue reconocido por el Intendente como Visitante Ilustre de la ciudad.<\/p>\n<p>El presidente de la Uni\u00f3n C\u00edvica Radical y actual vicegobernador de la provincia de Buenos Aires Daniel Salvador, junto al candidato a diputado provincial Emiliano Balb\u00edn,\u00a0 cerraron la campa\u00f1a electoral de la secci\u00f3n ante un marco de p\u00fablico imponente.<\/p>\n<p>Acompa\u00f1aron la jornada el senador provincial Horacio L\u00f3pez; el actual diputado provincial y candidato a concejal de Daireaux, Luis Oliver; el Ministro de Ciencia y Tecnolog\u00eda Jorge Elustondo; el Jefe de Gabinete del Ministerio de Agroindustria Jorge Srodek; los intendentes de Pelegrini, Guillermo Pacheco; Adolfo Alsina David Hirtz; Coronel Su\u00e1rez Roberto Palacio; General La Madrid Mart\u00edn Randazzo; y de Coronel Dorrego Ra\u00fal Reyes.<\/p>\n<p>Con amplia convocatoria tambi\u00e9n se hicieron presentes candidatos y dirigentes\u00a0 de todos los distritos de la sexta secci\u00f3n electoral d\u00e1ndoles el apoyo necesario a los candidatos seccionales y provinciales.<\/p>\n<p>El anfitri\u00f3n y candidato seccional Emiliano Balb\u00edn manifest\u00f3 estar \u201corgulloso de tener la visita del Daniel Salvador\u201d y asegur\u00f3: &#8220;esto tiene una simbolog\u00eda, estamos todos juntos porque somos un equipo. En el transcurso de un a\u00f1o llegaron a Salliquel\u00f3 las autoridades m\u00e1ximas de la provincia de Buenos Aires\u00a0 habla de\u00a0 un cambio que se est\u00e1 dando en la\u00a0 provincia&#8221;.<\/p>\n<p>En su discurso Balb\u00edn se\u00f1al\u00f3 que &#8221; van a tener en mi alguien qu\u00e9 les va a tender una mano, que seguir\u00e1 siendo el mismo Emiliano que conocen desde chiquito en mi pueblo, que conocen en la secci\u00f3n de hace tantos a\u00f1os y tambi\u00e9n los que me van conociendo de a poco. Van a contar conmigo en lo que haga falta pero sobre todo van a contar con alguien que va a llevar las demandas del interior profundo al lugar donde se toman las decisiones, van a contar con alguien que tiene el orgullo de pertenecer a este equipo de Mar\u00eda Eugenia Vidal qu\u00e9 a diario trabaja pensando en un futuro mejor y lo hacemos pensando en las nuevas generaciones.\u201d<\/p>\n<p>&nbsp;<\/p>\n","protected":false},"excerpt":{"rendered":"<div class=\"mh-excerpt\"><p>Lo hizo junto al candidato a diputado provincial Emiliano Balb\u00edn, al intendente Jorge Hern\u00e1ndez, y a candidatos, jefes comunales y funcionarios de toda la regi\u00f3n. Previamente el titular del Senado fue reconocido por el Intendente como Visitante Ilustre de la ciudad. El presidente de la Uni\u00f3n C\u00edvica Radical y actual vicegobernador de la provincia de Buenos Aires Daniel Salvador, junto al candidato a diputado provincial Emiliano Balb\u00edn,\u00a0 cerraron la campa\u00f1a electoral de la secci\u00f3n ante un marco de p\u00fablico imponente. Acompa\u00f1aron la jornada el senador provincial Horacio L\u00f3pez; el actual diputado provincial y candidato a concejal de Daireaux, Luis Oliver; <a class=\"mh-excerpt-more\" href=\"http:\/\/dsrmedios.com.ar\/diario\/archivos\/1548\" title=\"El vice gobernador Salvador cerr\u00f3 la campa\u00f1a de la Sexta en Salliquel\u00f3\">[Leer m\u00e1s]<\/a><\/p>\n<\/div>","protected":false},"author":5,"featured_media":1549,"comment_status":"open","ping_status":"closed","sticky":false,"template":"","format":"standard","meta":{"_jetpack_newsletter_access":""},"categories":[18,8],"tags":[],"jetpack_featured_media_url":"http:\/\/dsrmedios.com.ar\/diario\/wp-content\/uploads\/2017\/10\/BALBIN-SALVADOR-HERNANDEZ21787.jpg","jetpack_sharing_enabled":true,"jetpack_shortlink":"https:\/\/wp.me\/p9fihK-oY","_links":{"self":[{"href":"http:\/\/dsrmedios.com.ar\/diario\/wp-json\/wp\/v2\/posts\/1548"}],"collection":[{"href":"http:\/\/dsrmedios.com.ar\/diario\/wp-json\/wp\/v2\/posts"}],"about":[{"href":"http:\/\/dsrmedios.com.ar\/diario\/wp-json\/wp\/v2\/types\/post"}],"author":[{"embeddable":true,"href":"http:\/\/dsrmedios.com.ar\/diario\/wp-json\/wp\/v2\/users\/5"}],"replies":[{"embeddable":true,"href":"http:\/\/dsrmedios.com.ar\/diario\/wp-json\/wp\/v2\/comments?post=1548"}],"version-history":[{"count":1,"href":"http:\/\/dsrmedios.com.ar\/diario\/wp-json\/wp\/v2\/posts\/1548\/revisions"}],"predecessor-version":[{"id":1550,"href":"http:\/\/dsrmedios.com.ar\/diario\/wp-json\/wp\/v2\/posts\/1548\/revisions\/1550"}],"wp:featuredmedia":[{"embeddable":true,"href":"http:\/\/dsrmedios.com.ar\/diario\/wp-json\/wp\/v2\/media\/1549"}],"wp:attachment":[{"href":"http:\/\/dsrmedios.com.ar\/diario\/wp-json\/wp\/v2\/media?parent=1548"}],"wp:term":[{"taxonomy":"category","embeddable":true,"href":"http:\/\/dsrmedios.com.ar\/diario\/wp-json\/wp\/v2\/categories?post=1548"},{"taxonomy":"post_tag","embeddable":true,"href":"http:\/\/dsrmedios.com.ar\/diario\/wp-json\/wp\/v2\/tags?post=1548"}],"curies":[{"name":"wp","href":"https:\/\/api.w.org\/{rel}","templated":true}]}}