{"id":1526,"date":"2017-10-14T08:49:45","date_gmt":"2017-10-14T11:49:45","guid":{"rendered":"http:\/\/dsrmedios.com.ar\/diario\/?p=1526"},"modified":"2017-10-14T08:49:45","modified_gmt":"2017-10-14T11:49:45","slug":"la-administracion-provincial-propondria-a-los-municipios-reducir-los-valores-de-las-tasas","status":"publish","type":"post","link":"http:\/\/dsrmedios.com.ar\/diario\/archivos\/1526","title":{"rendered":"La administraci\u00f3n provincial propondr\u00eda a los municipios reducir los valores de las tasas"},"content":{"rendered":"<p>Si bien no fue anunciado oficialmente, la Provincia tiene previsto proponer una especie de pacto fiscal que, entre otras cosas, llevar\u00e1 a los municipios, al menos a algunos de ellos, a reducir las tasas locales, en principio la de Seguridad e Higiene y de Red Vial; seg\u00fan lo dado a conocer por parte del ministro de Econom\u00eda, Hern\u00e1n Lacunza.<\/p>\n<p>Ante la baja de Ingresos Brutos y alg\u00fan otro impuesto que propondr\u00e1 la Provincia en la pr\u00f3xima Ley Fiscal e Impositiva, el objetivo es que los jefes comunales se sumen a la iniciativa de ir para atr\u00e1s con la presi\u00f3n fiscal y, de esta manera, si se quiere, \u201ctrabajar en conjunto\u201d. La Tecla consult\u00f3 a los 135 municipios respecto de la iniciativa, y las respuestas<br \/>\nfueron de lo m\u00e1s variadas.<\/p>\n<p>Eso s\u00ed, la variaci\u00f3n radica en por qu\u00e9 no estar\u00edan en condiciones de bajar las tasas, aunque, por supuesto, hay excepciones. \u201cTenemos las tasas m\u00e1s bajas de la regi\u00f3n\u201d, dijeron, al menos, unos veinte alcaldes, y otros sostuvieron que est\u00e1n muy abajo en el nivel de cobrabilidad, por lo que una eventual disminuci\u00f3n en los valores ser\u00eda sin\u00f3nimo de desfinanciamiento.<\/p>\n<p>\u201cNo, pero estamos dispuestos a estudiarlo\u201d y \u201cS\u00ed, pero si la Provincia nos compensa por otro lado\u201d son las respuestas, si se quiere, m\u00e1s amistosas cuando se pregunta por el pacto. En tanto, por el lado kirchnerista, las contestaciones son un tanto m\u00e1s picantes. \u201cLacunza nunca cumple\u201d y \u201c\u00bfNo nos dan para la nafta de los patrulleros y quieren que bajemos las tasas?\u201d, dos de ellas.<\/p>\n<p>Tal como se\u00f1alan desde Econom\u00eda, a\u00fan no hay precisiones sobre la medida, pero si el propio ministro lo anunci\u00f3, por algo es.<\/p>\n<p>A partir de ahora, aunque los trazos sean todav\u00eda muy gruesos, Lacunza y los suyos tendr\u00e1n al menos la posici\u00f3n de los 135 municipios de la Provincia, que, dicho sea de paso, no han recibido comunicaci\u00f3n oficial ni extraoficial al respecto.<\/p>\n<p>fuente:www.latecla.com.ar<\/p>\n","protected":false},"excerpt":{"rendered":"<div class=\"mh-excerpt\"><p>Si bien no fue anunciado oficialmente, la Provincia tiene previsto proponer una especie de pacto fiscal que, entre otras cosas, llevar\u00e1 a los municipios, al menos a algunos de ellos, a reducir las tasas locales, en principio la de Seguridad e Higiene y de Red Vial; seg\u00fan lo dado a conocer por parte del ministro de Econom\u00eda, Hern\u00e1n Lacunza. Ante la baja de Ingresos Brutos y alg\u00fan otro impuesto que propondr\u00e1 la Provincia en la pr\u00f3xima Ley Fiscal e Impositiva, el objetivo es que los jefes comunales se sumen a la iniciativa de ir para atr\u00e1s con la presi\u00f3n fiscal <a class=\"mh-excerpt-more\" href=\"http:\/\/dsrmedios.com.ar\/diario\/archivos\/1526\" title=\"La administraci\u00f3n provincial propondr\u00eda a los municipios reducir los valores de las tasas\">[Leer m\u00e1s]<\/a><\/p>\n<\/div>","protected":false},"author":5,"featured_media":1527,"comment_status":"open","ping_status":"closed","sticky":false,"template":"","format":"standard","meta":{"_jetpack_newsletter_access":""},"categories":[18,7],"tags":[],"jetpack_featured_media_url":"http:\/\/dsrmedios.com.ar\/diario\/wp-content\/uploads\/2017\/10\/lacunza.jpg","jetpack_sharing_enabled":true,"jetpack_shortlink":"https:\/\/wp.me\/p9fihK-oC","_links":{"self":[{"href":"http:\/\/dsrmedios.com.ar\/diario\/wp-json\/wp\/v2\/posts\/1526"}],"collection":[{"href":"http:\/\/dsrmedios.com.ar\/diario\/wp-json\/wp\/v2\/posts"}],"about":[{"href":"http:\/\/dsrmedios.com.ar\/diario\/wp-json\/wp\/v2\/types\/post"}],"author":[{"embeddable":true,"href":"http:\/\/dsrmedios.com.ar\/diario\/wp-json\/wp\/v2\/users\/5"}],"replies":[{"embeddable":true,"href":"http:\/\/dsrmedios.com.ar\/diario\/wp-json\/wp\/v2\/comments?post=1526"}],"version-history":[{"count":2,"href":"http:\/\/dsrmedios.com.ar\/diario\/wp-json\/wp\/v2\/posts\/1526\/revisions"}],"predecessor-version":[{"id":1531,"href":"http:\/\/dsrmedios.com.ar\/diario\/wp-json\/wp\/v2\/posts\/1526\/revisions\/1531"}],"wp:featuredmedia":[{"embeddable":true,"href":"http:\/\/dsrmedios.com.ar\/diario\/wp-json\/wp\/v2\/media\/1527"}],"wp:attachment":[{"href":"http:\/\/dsrmedios.com.ar\/diario\/wp-json\/wp\/v2\/media?parent=1526"}],"wp:term":[{"taxonomy":"category","embeddable":true,"href":"http:\/\/dsrmedios.com.ar\/diario\/wp-json\/wp\/v2\/categories?post=1526"},{"taxonomy":"post_tag","embeddable":true,"href":"http:\/\/dsrmedios.com.ar\/diario\/wp-json\/wp\/v2\/tags?post=1526"}],"curies":[{"name":"wp","href":"https:\/\/api.w.org\/{rel}","templated":true}]}}