{"id":1483,"date":"2017-10-12T08:25:41","date_gmt":"2017-10-12T11:25:41","guid":{"rendered":"http:\/\/dsrmedios.com.ar\/diario\/?p=1483"},"modified":"2017-10-12T08:25:41","modified_gmt":"2017-10-12T11:25:41","slug":"el-intendente-hirtz-recorrio-obras-en-marcha-en-la-localidad-de-rivera","status":"publish","type":"post","link":"http:\/\/dsrmedios.com.ar\/diario\/archivos\/1483","title":{"rendered":"El Intendente Hirtz recorri\u00f3 obras en marcha en la localidad de Rivera"},"content":{"rendered":"<p>El Intendente Hirtz, junto al Delegado de Rivera, Concejales y la Jefa Distrital de Ense\u00f1anza, recorrieron la obra del Centro Educativo n\u00ba 801 Paulo Freire de Rivera y conversaron con los responsables de la empresa pre adjudicataria de la licitaci\u00f3n para concluir la construcci\u00f3n.<br \/>\nLa empresa CONAL S.A de La Plata, result\u00f3 pre adjudicataria luego de la evaluaci\u00f3n t\u00e9cnica y financiera por parte del organismo provincial.<br \/>\nLa inversi\u00f3n destinada para esta obra es de $10.250.786 y el plazo de ejecuci\u00f3n est\u00e1 previsto en 365 d\u00edas.<br \/>\nLa obra se hallaba paralizada desde hace a\u00f1os y luego de la gesti\u00f3n del Intendente Hirtz con el anterior \u00a0Ministro de Educaci\u00f3n, Alejandro Finocchiaro, \u00a0se logr\u00f3 una respuesta positiva que permitir\u00e1 alcanzar una obra largamente esperada por la comunidad de Rivera.<\/p>\n","protected":false},"excerpt":{"rendered":"<div class=\"mh-excerpt\"><p>El Intendente Hirtz, junto al Delegado de Rivera, Concejales y la Jefa Distrital de Ense\u00f1anza, recorrieron la obra del Centro Educativo n\u00ba 801 Paulo Freire de Rivera y conversaron con los responsables de la empresa pre adjudicataria de la licitaci\u00f3n para concluir la construcci\u00f3n. La empresa CONAL S.A de La Plata, result\u00f3 pre adjudicataria luego de la evaluaci\u00f3n t\u00e9cnica y financiera por parte del organismo provincial. La inversi\u00f3n destinada para esta obra es de $10.250.786 y el plazo de ejecuci\u00f3n est\u00e1 previsto en 365 d\u00edas. La obra se hallaba paralizada desde hace a\u00f1os y luego de la gesti\u00f3n del Intendente <a class=\"mh-excerpt-more\" href=\"http:\/\/dsrmedios.com.ar\/diario\/archivos\/1483\" title=\"El Intendente Hirtz recorri\u00f3 obras en marcha en la localidad de Rivera\">[Leer m\u00e1s]<\/a><\/p>\n<\/div>","protected":false},"author":5,"featured_media":1484,"comment_status":"open","ping_status":"closed","sticky":false,"template":"","format":"standard","meta":{"_jetpack_newsletter_access":""},"categories":[18,5],"tags":[],"jetpack_featured_media_url":"http:\/\/dsrmedios.com.ar\/diario\/wp-content\/uploads\/2017\/10\/hirtzcec.jpeg","jetpack_sharing_enabled":true,"jetpack_shortlink":"https:\/\/wp.me\/p9fihK-nV","_links":{"self":[{"href":"http:\/\/dsrmedios.com.ar\/diario\/wp-json\/wp\/v2\/posts\/1483"}],"collection":[{"href":"http:\/\/dsrmedios.com.ar\/diario\/wp-json\/wp\/v2\/posts"}],"about":[{"href":"http:\/\/dsrmedios.com.ar\/diario\/wp-json\/wp\/v2\/types\/post"}],"author":[{"embeddable":true,"href":"http:\/\/dsrmedios.com.ar\/diario\/wp-json\/wp\/v2\/users\/5"}],"replies":[{"embeddable":true,"href":"http:\/\/dsrmedios.com.ar\/diario\/wp-json\/wp\/v2\/comments?post=1483"}],"version-history":[{"count":1,"href":"http:\/\/dsrmedios.com.ar\/diario\/wp-json\/wp\/v2\/posts\/1483\/revisions"}],"predecessor-version":[{"id":1485,"href":"http:\/\/dsrmedios.com.ar\/diario\/wp-json\/wp\/v2\/posts\/1483\/revisions\/1485"}],"wp:featuredmedia":[{"embeddable":true,"href":"http:\/\/dsrmedios.com.ar\/diario\/wp-json\/wp\/v2\/media\/1484"}],"wp:attachment":[{"href":"http:\/\/dsrmedios.com.ar\/diario\/wp-json\/wp\/v2\/media?parent=1483"}],"wp:term":[{"taxonomy":"category","embeddable":true,"href":"http:\/\/dsrmedios.com.ar\/diario\/wp-json\/wp\/v2\/categories?post=1483"},{"taxonomy":"post_tag","embeddable":true,"href":"http:\/\/dsrmedios.com.ar\/diario\/wp-json\/wp\/v2\/tags?post=1483"}],"curies":[{"name":"wp","href":"https:\/\/api.w.org\/{rel}","templated":true}]}}