{"id":1473,"date":"2017-10-12T08:07:00","date_gmt":"2017-10-12T11:07:00","guid":{"rendered":"http:\/\/dsrmedios.com.ar\/diario\/?p=1473"},"modified":"2017-10-12T09:35:19","modified_gmt":"2017-10-12T12:35:19","slug":"las-verdaderas-razones-que-nos-afectan","status":"publish","type":"post","link":"http:\/\/dsrmedios.com.ar\/diario\/archivos\/1473","title":{"rendered":"Las verdaderas razones que nos afectan"},"content":{"rendered":"<p>&#8220;<em>La Municipalidad de Guamin\u00ed informa que, todo aquel vecino que desee firmar la presentaci\u00f3n colectiva que los pueblos del Distrito efectuar\u00e1n ante la Defensor\u00eda del Pueblo, podr\u00e1n hacerlo en el Palacio Municipal o en las Delegaciones de cada localidad. <strong>Dicha presenta<span class=\"text_exposed_show\">ci\u00f3n tiene por fin impedir el ingreso de agua a nuestras lagunas y abrir las compuertas de Rolito para trasvasar agua a Epecu\u00e9n&#8230;&#8221;<\/span><\/strong><\/em><\/p>\n<p>El textual corresponde al comunicado difundido por las autoridades municipales de Guamin\u00ed en la ma\u00f1ana de ayer, convocando a los vecinos de ese distrito a juntar firmas para trasvasar el agua sobrante, (faltan a\u00fan 80 cent\u00edmetros para que Lago del Monte llegue al l\u00edmite m\u00e1ximo establecido por el manual de operaciones de la Cuenca), a Lago Epecu\u00e9n.<\/p>\n<p><img decoding=\"async\" loading=\"lazy\" class=\"aligncenter size-full wp-image-1505\" src=\"http:\/\/dsrmedios.com.ar\/diario\/wp-content\/uploads\/2017\/10\/aereas-de-carhue-y-epecuen-3.jpg\" alt=\"\" width=\"900\" height=\"604\" srcset=\"http:\/\/dsrmedios.com.ar\/diario\/wp-content\/uploads\/2017\/10\/aereas-de-carhue-y-epecuen-3.jpg 900w, http:\/\/dsrmedios.com.ar\/diario\/wp-content\/uploads\/2017\/10\/aereas-de-carhue-y-epecuen-3-300x201.jpg 300w, http:\/\/dsrmedios.com.ar\/diario\/wp-content\/uploads\/2017\/10\/aereas-de-carhue-y-epecuen-3-768x515.jpg 768w\" sizes=\"(max-width: 900px) 100vw, 900px\" \/><\/p>\n<p>En una clara provocaci\u00f3n p\u00fablica, con una actitud de absoluto desprecio y desconocimiento del sufrimiento que nuestra comunidad y la de la desaparecida Villa Epecu\u00e9n debimos padecer desde el 10 de noviembre de 1985 hasta nuestros d\u00edas.<\/p>\n<p>Quiz\u00e1 esto tenga mucho que ver con la soberbia, pero se me ocurre que tambi\u00e9n operan en estas acciones la ignorancia y la maldad. Es probable que como siempre ocurri\u00f3, las rivalidades se fomenten para esconder los errores, la desidia y la irresponsabilidad.<\/p>\n<p>Desde que tengo conocimiento del tema de las inundaciones escucho cada tanto quienes aseguran que Epecu\u00e9n se inund\u00f3 porque los hoteleros de la villa ped\u00edan agua pues el lago se secaba.<\/p>\n<p>Eso es una mentira, como tantas otras que se lanzaron en los a\u00f1os de inundaci\u00f3n, para ocultar las verdaderas razones por las que Villa Epecu\u00e9n sucumbi\u00f3 a las aguas de un sistema incontrolable, justamente en 1985 la cat\u00e1strofe qued\u00f3 en manos de desaforados que intentaban volar terraplenes, romp\u00edan compuertas, golpeaban a los t\u00e9cnicos de hidr\u00e1ulica y amenazaban abiertamente a todos quienes les cuestionaran su accionar.<\/p>\n<p>Aquellas mentiras intentaron tapar una maniobra claramente establecida: t<strong>ransferir aguas de un sistema a otro destruyendo el equilibrio\u00a0\u00a0para recomponer cientos de miles de hect\u00e1reas que eran simples ba\u00f1ados y pasaron a convertirse en multimillonarios negocios para unos pocos, como siempre ocurre.<\/strong><\/p>\n<p>Estas mentiras tambi\u00e9n las utilizaron para intentar hacernos creer que los cascos urbanos de aguas arriba de nuestras Lagunas Encadenadas corr\u00edan riesgo. Pregunto: <strong>\u00bfCu\u00e1ntos evacuados tuvieron esas localidades en los \u00faltimos 30 a\u00f1os?.<\/strong>.. no hace falta responder&#8230; vuelvo a preguntar: <strong>\u00bfQue intereses se vieron perjudicados aguas arriba de la cuenca?<\/strong> respondo: La producci\u00f3n agropecuaria, la pesca y el turismo.<\/p>\n<p>Aunque parezca mentira por irresponsabilidad, desidia, ignorancia y mucho de ambici\u00f3n y malicia, la provincia de Buenos Aires perdi\u00f3 una localidad de 1500 habitantes estables, 250 establecimientos de hoteler\u00eda, gastronom\u00eda, comercio y entretenimientos, m\u00e1s de 45 millones de d\u00f3lares (tasados por Fiscal\u00eda de Estado en 1986), en obra p\u00fablica plantada en la Villa de origen municipal, provincial y nacional, cuatro campings con arboledas de grandes dimensiones y SETENTA A\u00d1OS DE TRABAJO, ESFUERZO Y EXITO.<\/p>\n<p>Claro me olvidaba de enumerar que tal vez la principal raz\u00f3n por la que inundaron Villa Epecu\u00e9n, haya sido la ENVIDIA.<\/p>\n<p>DOMINGO SAN ROMAN<\/p>\n","protected":false},"excerpt":{"rendered":"<div class=\"mh-excerpt\"><p>&#8220;La Municipalidad de Guamin\u00ed informa que, todo aquel vecino que desee firmar la presentaci\u00f3n colectiva que los pueblos del Distrito efectuar\u00e1n ante la Defensor\u00eda del Pueblo, podr\u00e1n hacerlo en el Palacio Municipal o en las Delegaciones de cada localidad. Dicha presentaci\u00f3n tiene por fin impedir el ingreso de agua a nuestras lagunas y abrir las compuertas de Rolito para trasvasar agua a Epecu\u00e9n&#8230;&#8221; El textual corresponde al comunicado difundido por las autoridades municipales de Guamin\u00ed en la ma\u00f1ana de ayer, convocando a los vecinos de ese distrito a juntar firmas para trasvasar el agua sobrante, (faltan a\u00fan 80 cent\u00edmetros para <a class=\"mh-excerpt-more\" href=\"http:\/\/dsrmedios.com.ar\/diario\/archivos\/1473\" title=\"Las verdaderas razones que nos afectan\">[Leer m\u00e1s]<\/a><\/p>\n<\/div>","protected":false},"author":5,"featured_media":1474,"comment_status":"open","ping_status":"closed","sticky":false,"template":"","format":"standard","meta":{"_jetpack_newsletter_access":""},"categories":[18,22],"tags":[],"jetpack_featured_media_url":"http:\/\/dsrmedios.com.ar\/diario\/wp-content\/uploads\/2017\/10\/epecuen30.jpg","jetpack_sharing_enabled":true,"jetpack_shortlink":"https:\/\/wp.me\/p9fihK-nL","_links":{"self":[{"href":"http:\/\/dsrmedios.com.ar\/diario\/wp-json\/wp\/v2\/posts\/1473"}],"collection":[{"href":"http:\/\/dsrmedios.com.ar\/diario\/wp-json\/wp\/v2\/posts"}],"about":[{"href":"http:\/\/dsrmedios.com.ar\/diario\/wp-json\/wp\/v2\/types\/post"}],"author":[{"embeddable":true,"href":"http:\/\/dsrmedios.com.ar\/diario\/wp-json\/wp\/v2\/users\/5"}],"replies":[{"embeddable":true,"href":"http:\/\/dsrmedios.com.ar\/diario\/wp-json\/wp\/v2\/comments?post=1473"}],"version-history":[{"count":3,"href":"http:\/\/dsrmedios.com.ar\/diario\/wp-json\/wp\/v2\/posts\/1473\/revisions"}],"predecessor-version":[{"id":1507,"href":"http:\/\/dsrmedios.com.ar\/diario\/wp-json\/wp\/v2\/posts\/1473\/revisions\/1507"}],"wp:featuredmedia":[{"embeddable":true,"href":"http:\/\/dsrmedios.com.ar\/diario\/wp-json\/wp\/v2\/media\/1474"}],"wp:attachment":[{"href":"http:\/\/dsrmedios.com.ar\/diario\/wp-json\/wp\/v2\/media?parent=1473"}],"wp:term":[{"taxonomy":"category","embeddable":true,"href":"http:\/\/dsrmedios.com.ar\/diario\/wp-json\/wp\/v2\/categories?post=1473"},{"taxonomy":"post_tag","embeddable":true,"href":"http:\/\/dsrmedios.com.ar\/diario\/wp-json\/wp\/v2\/tags?post=1473"}],"curies":[{"name":"wp","href":"https:\/\/api.w.org\/{rel}","templated":true}]}}