{"id":1443,"date":"2017-10-11T07:47:48","date_gmt":"2017-10-11T10:47:48","guid":{"rendered":"http:\/\/dsrmedios.com.ar\/diario\/?p=1443"},"modified":"2017-10-11T07:47:48","modified_gmt":"2017-10-11T10:47:48","slug":"sergio-massa-insiste-con-el-pedido-del-debate-publico-entre-candidatos-a-senadores","status":"publish","type":"post","link":"http:\/\/dsrmedios.com.ar\/diario\/archivos\/1443","title":{"rendered":"Sergio Massa insiste con el pedido del debate p\u00fablico entre candidatos a Senadores"},"content":{"rendered":"<p><strong>Sergio Massa no tuerce en su voluntad de despolarizar la grieta y volvi\u00f3 a agitar la bandera del debate de cara a las elecciones generales.<\/strong><\/p>\n<p>En una conferencia de prensa, afirm\u00f3 que participar\u00e1 del debate propuesto por la Universidad de Mar del Plata programado para el mi\u00e9rcoles 18 de octubre y abog\u00f3 para que el resto de las fuerzas hagan lo propio ya que &#8220;es necesario debatir el futuro pero tambi\u00e9n el presente&#8221;.<\/p>\n<p>Casi en paralelo, el tigrense twitte\u00f3 bajo el #YoQuieroDebate al tiempo que no dej\u00f3 lugar a segundas interpetaciones: &#8220;Estamos haciendo p\u00fablica nuestra decisi\u00f3n de debatir para contarle a los argentinos cu\u00e1les son nuestras propuestas, as\u00ed que esperamos que el resto de los candidatos haga lo mismo, con la grandeza de entender que todos podemos contribuir a construir una Argentina&#8221;.<\/p>\n<p>En ese sentido, el diputado nacional confront\u00f3 con la expresidenta, Cristina Fern\u00e1ndez de Kirchner, al sostener que &#8220;desconoce&#8221; si se va a animar o no a debatir. &#8220;Para animarse a compararse con otro hay que tener coraje y humildad, ojal\u00e1 que tenga el coraje y la humildad de aceptar que tiene que debatir con otros candidatos para obtener el cari\u00f1o de la gente&#8221;, consider\u00f3.<\/p>\n<p>fuente:www.latecla.com<\/p>\n","protected":false},"excerpt":{"rendered":"<div class=\"mh-excerpt\"><p>Sergio Massa no tuerce en su voluntad de despolarizar la grieta y volvi\u00f3 a agitar la bandera del debate de cara a las elecciones generales. En una conferencia de prensa, afirm\u00f3 que participar\u00e1 del debate propuesto por la Universidad de Mar del Plata programado para el mi\u00e9rcoles 18 de octubre y abog\u00f3 para que el resto de las fuerzas hagan lo propio ya que &#8220;es necesario debatir el futuro pero tambi\u00e9n el presente&#8221;. Casi en paralelo, el tigrense twitte\u00f3 bajo el #YoQuieroDebate al tiempo que no dej\u00f3 lugar a segundas interpetaciones: &#8220;Estamos haciendo p\u00fablica nuestra decisi\u00f3n de debatir para contarle <a class=\"mh-excerpt-more\" href=\"http:\/\/dsrmedios.com.ar\/diario\/archivos\/1443\" title=\"Sergio Massa insiste con el pedido del debate p\u00fablico entre candidatos a Senadores\">[Leer m\u00e1s]<\/a><\/p>\n<\/div>","protected":false},"author":5,"featured_media":1444,"comment_status":"open","ping_status":"closed","sticky":false,"template":"","format":"standard","meta":{"_jetpack_newsletter_access":""},"categories":[6],"tags":[],"jetpack_featured_media_url":"http:\/\/dsrmedios.com.ar\/diario\/wp-content\/uploads\/2017\/10\/sergio-MAssa.jpg","jetpack_sharing_enabled":true,"jetpack_shortlink":"https:\/\/wp.me\/p9fihK-nh","_links":{"self":[{"href":"http:\/\/dsrmedios.com.ar\/diario\/wp-json\/wp\/v2\/posts\/1443"}],"collection":[{"href":"http:\/\/dsrmedios.com.ar\/diario\/wp-json\/wp\/v2\/posts"}],"about":[{"href":"http:\/\/dsrmedios.com.ar\/diario\/wp-json\/wp\/v2\/types\/post"}],"author":[{"embeddable":true,"href":"http:\/\/dsrmedios.com.ar\/diario\/wp-json\/wp\/v2\/users\/5"}],"replies":[{"embeddable":true,"href":"http:\/\/dsrmedios.com.ar\/diario\/wp-json\/wp\/v2\/comments?post=1443"}],"version-history":[{"count":1,"href":"http:\/\/dsrmedios.com.ar\/diario\/wp-json\/wp\/v2\/posts\/1443\/revisions"}],"predecessor-version":[{"id":1445,"href":"http:\/\/dsrmedios.com.ar\/diario\/wp-json\/wp\/v2\/posts\/1443\/revisions\/1445"}],"wp:featuredmedia":[{"embeddable":true,"href":"http:\/\/dsrmedios.com.ar\/diario\/wp-json\/wp\/v2\/media\/1444"}],"wp:attachment":[{"href":"http:\/\/dsrmedios.com.ar\/diario\/wp-json\/wp\/v2\/media?parent=1443"}],"wp:term":[{"taxonomy":"category","embeddable":true,"href":"http:\/\/dsrmedios.com.ar\/diario\/wp-json\/wp\/v2\/categories?post=1443"},{"taxonomy":"post_tag","embeddable":true,"href":"http:\/\/dsrmedios.com.ar\/diario\/wp-json\/wp\/v2\/tags?post=1443"}],"curies":[{"name":"wp","href":"https:\/\/api.w.org\/{rel}","templated":true}]}}