{"id":1440,"date":"2017-10-11T07:41:34","date_gmt":"2017-10-11T10:41:34","guid":{"rendered":"http:\/\/dsrmedios.com.ar\/diario\/?p=1440"},"modified":"2017-10-11T07:41:34","modified_gmt":"2017-10-11T10:41:34","slug":"el-jefe-de-gabinete-ratifico-que-habra-nuevos-aumentos-de-gas-electricidad-y-otros","status":"publish","type":"post","link":"http:\/\/dsrmedios.com.ar\/diario\/archivos\/1440","title":{"rendered":"EL Jefe de Gabinete ratific\u00f3 que habr\u00e1 nuevos aumentos de gas, electricidad y otros"},"content":{"rendered":"<p>El jefe de Gabinete, Marcos Pe\u00f1a, ratific\u00f3 este martes que luego de las elecciones legislativas habr\u00e1 aumentos en las facturas de electricidad, gas y agua, pero rechaz\u00f3 que esos ajustes puedan considerarse un &#8220;tarifazo&#8221;.<\/p>\n<p>&#8220;Tarifazo es una percepci\u00f3n subjetiva&#8221;, consider\u00f3 el funcionario, quien asegur\u00f3 que los incrementos a aplicarse ser\u00e1n &#8220;muchos m\u00e1s bajos que los del a\u00f1o pasado&#8221;.<\/p>\n<p>&#8220;Lo que no hay es sorpresa. Lo que hemos planteado es un camino gradual de ordenamiento del sistema tarifario, para lograr que todos los argentinos tengan conexiones de gas y luz&#8221;, dijo a radio La Red.<\/p>\n<p>&#8220;Lo que es correcto es que hay una audiencia p\u00fablica del a\u00f1o pasado que estableci\u00f3 un cronograma que incluye un camino gradual de modificaci\u00f3n tarifaria Eso ya fue anunciado y avisado hace tiempo&#8221;, a\u00f1adi\u00f3.<\/p>\n<p>Pe\u00f1a asegur\u00f3 que, a pesar del ajuste tarifario -a aplicarse en Capital Federal y Gran Buenos Aires, las \u00e1reas de jurisdicci\u00f3n nacional- &#8220;no hay ninguna posiblidad de un escenario de ca\u00edda del salario real y de impacto fuerte. El a\u00f1o que viene es de crecimiento y de generaci\u00f3n de empleo&#8221;.<\/p>\n<p>La suba de tarifas fue anticipada hace casi dos meses por el ministro de Energ\u00eda, Juan Jos\u00e9 Aranguren, quien puntualiz\u00f3 que el ajuste se aplicar\u00e1 entre noviembre y diciembre pr\u00f3ximos.<\/p>\n","protected":false},"excerpt":{"rendered":"<div class=\"mh-excerpt\"><p>El jefe de Gabinete, Marcos Pe\u00f1a, ratific\u00f3 este martes que luego de las elecciones legislativas habr\u00e1 aumentos en las facturas de electricidad, gas y agua, pero rechaz\u00f3 que esos ajustes puedan considerarse un &#8220;tarifazo&#8221;. &#8220;Tarifazo es una percepci\u00f3n subjetiva&#8221;, consider\u00f3 el funcionario, quien asegur\u00f3 que los incrementos a aplicarse ser\u00e1n &#8220;muchos m\u00e1s bajos que los del a\u00f1o pasado&#8221;. &#8220;Lo que no hay es sorpresa. Lo que hemos planteado es un camino gradual de ordenamiento del sistema tarifario, para lograr que todos los argentinos tengan conexiones de gas y luz&#8221;, dijo a radio La Red. &#8220;Lo que es correcto es que <a class=\"mh-excerpt-more\" href=\"http:\/\/dsrmedios.com.ar\/diario\/archivos\/1440\" title=\"EL Jefe de Gabinete ratific\u00f3 que habr\u00e1 nuevos aumentos de gas, electricidad y otros\">[Leer m\u00e1s]<\/a><\/p>\n<\/div>","protected":false},"author":5,"featured_media":1441,"comment_status":"open","ping_status":"closed","sticky":false,"template":"","format":"standard","meta":{"_jetpack_newsletter_access":""},"categories":[18,6],"tags":[],"jetpack_featured_media_url":"http:\/\/dsrmedios.com.ar\/diario\/wp-content\/uploads\/2017\/10\/penia2.jpg","jetpack_sharing_enabled":true,"jetpack_shortlink":"https:\/\/wp.me\/p9fihK-ne","_links":{"self":[{"href":"http:\/\/dsrmedios.com.ar\/diario\/wp-json\/wp\/v2\/posts\/1440"}],"collection":[{"href":"http:\/\/dsrmedios.com.ar\/diario\/wp-json\/wp\/v2\/posts"}],"about":[{"href":"http:\/\/dsrmedios.com.ar\/diario\/wp-json\/wp\/v2\/types\/post"}],"author":[{"embeddable":true,"href":"http:\/\/dsrmedios.com.ar\/diario\/wp-json\/wp\/v2\/users\/5"}],"replies":[{"embeddable":true,"href":"http:\/\/dsrmedios.com.ar\/diario\/wp-json\/wp\/v2\/comments?post=1440"}],"version-history":[{"count":1,"href":"http:\/\/dsrmedios.com.ar\/diario\/wp-json\/wp\/v2\/posts\/1440\/revisions"}],"predecessor-version":[{"id":1442,"href":"http:\/\/dsrmedios.com.ar\/diario\/wp-json\/wp\/v2\/posts\/1440\/revisions\/1442"}],"wp:featuredmedia":[{"embeddable":true,"href":"http:\/\/dsrmedios.com.ar\/diario\/wp-json\/wp\/v2\/media\/1441"}],"wp:attachment":[{"href":"http:\/\/dsrmedios.com.ar\/diario\/wp-json\/wp\/v2\/media?parent=1440"}],"wp:term":[{"taxonomy":"category","embeddable":true,"href":"http:\/\/dsrmedios.com.ar\/diario\/wp-json\/wp\/v2\/categories?post=1440"},{"taxonomy":"post_tag","embeddable":true,"href":"http:\/\/dsrmedios.com.ar\/diario\/wp-json\/wp\/v2\/tags?post=1440"}],"curies":[{"name":"wp","href":"https:\/\/api.w.org\/{rel}","templated":true}]}}