{"id":1437,"date":"2017-10-11T07:39:32","date_gmt":"2017-10-11T10:39:32","guid":{"rendered":"http:\/\/dsrmedios.com.ar\/diario\/?p=1437"},"modified":"2017-10-11T07:39:32","modified_gmt":"2017-10-11T10:39:32","slug":"la-rotura-de-una-defensa-hidrica-dejo-aislada-a-la-localidad-de-girodias-en-trenque-lauquen","status":"publish","type":"post","link":"http:\/\/dsrmedios.com.ar\/diario\/archivos\/1437","title":{"rendered":"La rotura de una defensa h\u00eddrica dej\u00f3 aislada a la localidad de Girod\u00edas en Trenque Lauquen"},"content":{"rendered":"<p>Por la rotura de una defensa h\u00eddrica y el anegamiento de su calle principal, la localidad de Girodias, en el distrito de Trenque Lauquen, qued\u00f3 pr\u00e1cticamente aislada.<\/p>\n<p>\u201cSe rompi\u00f3 una defensa y se complica la calle de acceso a Girodias. Es la calle principal que funciona como un canal\u201d, le explic\u00f3 a la agencia de noticias DIB el secretario de Obras y Servicios P\u00fablicos de Trenque Lauquen, Miguel Bulian, quien detall\u00f3 que ya se estaba trabajando en su reparaci\u00f3n.<\/p>\n<p>Sobre la situaci\u00f3n general h\u00eddrica, el funcionario explic\u00f3 que el \u201cdistrito tiene bastante agua\u201d, que \u201clas napas est\u00e1n saturadas\u201d y \u201cno hay escurrimiento\u201d, aunque asegur\u00f3 que el \u00fanico casco urbano complicado es el de Girodias.<\/p>\n<p>Vale recordar que esta localidad tuvo la semana pasada sus calles inundadas por la rotura de una brecha que hab\u00eda levantado Trenque Lauquen para evitar que ingresara agua desde Daireuax. Tanto en aquella ocasi\u00f3n como en esta surgieron sospechas sobre la intencionalidad del derrumbe de las defensas.<\/p>\n","protected":false},"excerpt":{"rendered":"<div class=\"mh-excerpt\"><p>Por la rotura de una defensa h\u00eddrica y el anegamiento de su calle principal, la localidad de Girodias, en el distrito de Trenque Lauquen, qued\u00f3 pr\u00e1cticamente aislada. \u201cSe rompi\u00f3 una defensa y se complica la calle de acceso a Girodias. Es la calle principal que funciona como un canal\u201d, le explic\u00f3 a la agencia de noticias DIB el secretario de Obras y Servicios P\u00fablicos de Trenque Lauquen, Miguel Bulian, quien detall\u00f3 que ya se estaba trabajando en su reparaci\u00f3n. Sobre la situaci\u00f3n general h\u00eddrica, el funcionario explic\u00f3 que el \u201cdistrito tiene bastante agua\u201d, que \u201clas napas est\u00e1n saturadas\u201d y \u201cno <a class=\"mh-excerpt-more\" href=\"http:\/\/dsrmedios.com.ar\/diario\/archivos\/1437\" title=\"La rotura de una defensa h\u00eddrica dej\u00f3 aislada a la localidad de Girod\u00edas en Trenque Lauquen\">[Leer m\u00e1s]<\/a><\/p>\n<\/div>","protected":false},"author":5,"featured_media":1438,"comment_status":"open","ping_status":"closed","sticky":false,"template":"","format":"standard","meta":{"_jetpack_newsletter_access":""},"categories":[8],"tags":[],"jetpack_featured_media_url":"http:\/\/dsrmedios.com.ar\/diario\/wp-content\/uploads\/2017\/10\/ttrenqueu.jpg","jetpack_sharing_enabled":true,"jetpack_shortlink":"https:\/\/wp.me\/p9fihK-nb","_links":{"self":[{"href":"http:\/\/dsrmedios.com.ar\/diario\/wp-json\/wp\/v2\/posts\/1437"}],"collection":[{"href":"http:\/\/dsrmedios.com.ar\/diario\/wp-json\/wp\/v2\/posts"}],"about":[{"href":"http:\/\/dsrmedios.com.ar\/diario\/wp-json\/wp\/v2\/types\/post"}],"author":[{"embeddable":true,"href":"http:\/\/dsrmedios.com.ar\/diario\/wp-json\/wp\/v2\/users\/5"}],"replies":[{"embeddable":true,"href":"http:\/\/dsrmedios.com.ar\/diario\/wp-json\/wp\/v2\/comments?post=1437"}],"version-history":[{"count":1,"href":"http:\/\/dsrmedios.com.ar\/diario\/wp-json\/wp\/v2\/posts\/1437\/revisions"}],"predecessor-version":[{"id":1439,"href":"http:\/\/dsrmedios.com.ar\/diario\/wp-json\/wp\/v2\/posts\/1437\/revisions\/1439"}],"wp:featuredmedia":[{"embeddable":true,"href":"http:\/\/dsrmedios.com.ar\/diario\/wp-json\/wp\/v2\/media\/1438"}],"wp:attachment":[{"href":"http:\/\/dsrmedios.com.ar\/diario\/wp-json\/wp\/v2\/media?parent=1437"}],"wp:term":[{"taxonomy":"category","embeddable":true,"href":"http:\/\/dsrmedios.com.ar\/diario\/wp-json\/wp\/v2\/categories?post=1437"},{"taxonomy":"post_tag","embeddable":true,"href":"http:\/\/dsrmedios.com.ar\/diario\/wp-json\/wp\/v2\/tags?post=1437"}],"curies":[{"name":"wp","href":"https:\/\/api.w.org\/{rel}","templated":true}]}}