{"id":1367,"date":"2017-10-09T08:04:20","date_gmt":"2017-10-09T11:04:20","guid":{"rendered":"http:\/\/dsrmedios.com.ar\/diario\/?p=1367"},"modified":"2017-10-09T08:04:20","modified_gmt":"2017-10-09T11:04:20","slug":"las-mafias-se-llevan-a-a-nuestros-hijos-aseguro-maria-eugenia-vidal-anoche","status":"publish","type":"post","link":"http:\/\/dsrmedios.com.ar\/diario\/archivos\/1367","title":{"rendered":"&#8220;Las mafias se llevan a a nuestros hijos&#8230;&#8221; asegur\u00f3 Mar\u00eda Eugenia Vidal anoche"},"content":{"rendered":"<p>La gobernadora de la provincia de Buenos Aires, Mar\u00eda Eugenia Vidal, dispar\u00f3 contra los nombres dentro de la lista de candidatos de Unidad Ciudadana, liderada por Cristina Fern\u00e1ndez de Kirchner, al preguntarse &#8220;\u00bfd\u00f3nde estaban todas esas personas?&#8221; en relaci\u00f3n a la pelea contra las mafias y el narcotr\u00e1fico.<\/p>\n<p>&#8220;Me pregunto si la lista que lidera la ex presidenta puede decir lo mismo o si hizo lo mismo en el pasado. Lo digo por [Daniel] Scioli, que fue parte de este sistema, por [Fernando] Espinoza, por la mujer de [Mart\u00edn] Sabbatella. \u00bfD\u00f3nde estaban todas esas personas que integran esa lista en los \u00faltimos 25 a\u00f1os en relaci\u00f3n a la provincia de Buenos Aires y con qu\u00e9 convivieron?&#8221;, lanz\u00f3.<\/p>\n<p>La mandataria bonaerense afirm\u00f3 que tras la detenci\u00f3n del titular de la Uocra de La Plata, Juan Pablo &#8220;Pata&#8221; Medina , &#8220;los bonaerenses en general y los platenses en particular amanecieron aliviados&#8221; y critic\u00f3 que la situaci\u00f3n hubiera llegado a un punto en que &#8220;parec\u00eda un sometimiento del que nunca nos iban a liberar&#8221;.<\/p>\n<p>&#8220;Era un manejo del poder durante d\u00e9cadas que parec\u00eda que nadie los iba a sacar, como fue [Jorge] Castillo en La Salada, como fueron algunos due\u00f1os del narcotr\u00e1fico donde nos metimos con la polic\u00eda, o due\u00f1os del juego clandestino. Para la gente es bueno ver que hay una justicia que est\u00e1 reaccionando. Eso genera alivio y esperanza&#8221;, dijo la mandataria.<\/p>\n<p>Para Vidal, los motivos en el cambio que se est\u00e1 produciendo en el Poder Judicial tienen que ver con que hay &#8220;un mensaje claro que antes no estaba&#8221;. &#8220;Son muchos a\u00f1os donde el la polic\u00eda, el Poder Judicial y una parte de la pol\u00edtica actuaron juntos, porque sino no podr\u00edan haber llegado al nivel que llegaron&#8221;, sostuvo en referencia a las mafias.<\/p>\n<p>&#8220;Las mafias se llevan a nuestros hijos y uno tiene que tener una posici\u00f3n clara, no ambigua y cuando esto pasa la justicia avanza&#8221;, explic\u00f3.<\/p>\n<p>fuente:www.aninoticias.com.ar<\/p>\n","protected":false},"excerpt":{"rendered":"<div class=\"mh-excerpt\"><p>La gobernadora de la provincia de Buenos Aires, Mar\u00eda Eugenia Vidal, dispar\u00f3 contra los nombres dentro de la lista de candidatos de Unidad Ciudadana, liderada por Cristina Fern\u00e1ndez de Kirchner, al preguntarse &#8220;\u00bfd\u00f3nde estaban todas esas personas?&#8221; en relaci\u00f3n a la pelea contra las mafias y el narcotr\u00e1fico. &#8220;Me pregunto si la lista que lidera la ex presidenta puede decir lo mismo o si hizo lo mismo en el pasado. Lo digo por [Daniel] Scioli, que fue parte de este sistema, por [Fernando] Espinoza, por la mujer de [Mart\u00edn] Sabbatella. \u00bfD\u00f3nde estaban todas esas personas que integran esa lista en <a class=\"mh-excerpt-more\" href=\"http:\/\/dsrmedios.com.ar\/diario\/archivos\/1367\" title=\"&#8220;Las mafias se llevan a a nuestros hijos&#8230;&#8221; asegur\u00f3 Mar\u00eda Eugenia Vidal anoche\">[Leer m\u00e1s]<\/a><\/p>\n<\/div>","protected":false},"author":5,"featured_media":1368,"comment_status":"open","ping_status":"closed","sticky":false,"template":"","format":"standard","meta":{"_jetpack_newsletter_access":""},"categories":[7],"tags":[],"jetpack_featured_media_url":"http:\/\/dsrmedios.com.ar\/diario\/wp-content\/uploads\/2017\/10\/maxresdefault.jpg","jetpack_sharing_enabled":true,"jetpack_shortlink":"https:\/\/wp.me\/p9fihK-m3","_links":{"self":[{"href":"http:\/\/dsrmedios.com.ar\/diario\/wp-json\/wp\/v2\/posts\/1367"}],"collection":[{"href":"http:\/\/dsrmedios.com.ar\/diario\/wp-json\/wp\/v2\/posts"}],"about":[{"href":"http:\/\/dsrmedios.com.ar\/diario\/wp-json\/wp\/v2\/types\/post"}],"author":[{"embeddable":true,"href":"http:\/\/dsrmedios.com.ar\/diario\/wp-json\/wp\/v2\/users\/5"}],"replies":[{"embeddable":true,"href":"http:\/\/dsrmedios.com.ar\/diario\/wp-json\/wp\/v2\/comments?post=1367"}],"version-history":[{"count":1,"href":"http:\/\/dsrmedios.com.ar\/diario\/wp-json\/wp\/v2\/posts\/1367\/revisions"}],"predecessor-version":[{"id":1369,"href":"http:\/\/dsrmedios.com.ar\/diario\/wp-json\/wp\/v2\/posts\/1367\/revisions\/1369"}],"wp:featuredmedia":[{"embeddable":true,"href":"http:\/\/dsrmedios.com.ar\/diario\/wp-json\/wp\/v2\/media\/1368"}],"wp:attachment":[{"href":"http:\/\/dsrmedios.com.ar\/diario\/wp-json\/wp\/v2\/media?parent=1367"}],"wp:term":[{"taxonomy":"category","embeddable":true,"href":"http:\/\/dsrmedios.com.ar\/diario\/wp-json\/wp\/v2\/categories?post=1367"},{"taxonomy":"post_tag","embeddable":true,"href":"http:\/\/dsrmedios.com.ar\/diario\/wp-json\/wp\/v2\/tags?post=1367"}],"curies":[{"name":"wp","href":"https:\/\/api.w.org\/{rel}","templated":true}]}}