{"id":1359,"date":"2017-10-09T07:45:42","date_gmt":"2017-10-09T10:45:42","guid":{"rendered":"http:\/\/dsrmedios.com.ar\/diario\/?p=1359"},"modified":"2017-10-09T07:45:42","modified_gmt":"2017-10-09T10:45:42","slug":"aparecio-la-adolescente-que-buscaban-en-la-region-desde-el-jueves-pasado","status":"publish","type":"post","link":"http:\/\/dsrmedios.com.ar\/diario\/archivos\/1359","title":{"rendered":"Apareci\u00f3 la adolescente que buscaban en la regi\u00f3n desde el jueves pasado"},"content":{"rendered":"<p>La chica de 17 a\u00f1os que hab\u00eda desaparecido hac\u00eda una semana en Hilario Ascasubi apareci\u00f3 hoy en estado de shock.<\/p>\n<p>La Polic\u00eda de Hilario Ascasubi confirm\u00f3 que la chica se encontraba con una crisis nerviosa y que era atendida en el hospital local.<\/p>\n<p>&#8220;Se sigue trabajando para ver d\u00f3nde estuvo. Lo importante es que apareci\u00f3 sana y salva&#8221;, le dijo a La Nueva. el subsecretario de Seguridad de Villarino, Mart\u00edn Pacheco.<\/p>\n<p>Adem\u00e1s, explic\u00f3 que la chica &#8220;lleg\u00f3 al hogar [municipal de convivencia en donde viv\u00eda] por sus propios medios&#8221;.<\/p>\n<p>Por \u00faltimo, explic\u00f3 que la adolescente declarar\u00e1 &#8220;cuando los m\u00e9dicos determinen que pueda presentarse&#8221;.<\/p>\n<p>El jueves pasado, cuando se cumpl\u00e1n 4 d\u00edas de su desaparici\u00f3n,\u00a0<a href=\"http:\/\/www.lanueva.com\/la-region\/917950\/despues-de-4-dias--se-suman-perros-del-k9-a-la-busqueda-de-la-chica-desaparecida-en-ascasubi.html\" target=\"_blank\" rel=\"noopener\">la Polic\u00eda hab\u00eda sumado a la b\u00fasqueda a la divisi\u00f3n de perros K9<\/a>.<\/p>\n<p>Fuente:www.lanueva.com.ar<\/p>\n","protected":false},"excerpt":{"rendered":"<div class=\"mh-excerpt\"><p>La chica de 17 a\u00f1os que hab\u00eda desaparecido hac\u00eda una semana en Hilario Ascasubi apareci\u00f3 hoy en estado de shock. La Polic\u00eda de Hilario Ascasubi confirm\u00f3 que la chica se encontraba con una crisis nerviosa y que era atendida en el hospital local. &#8220;Se sigue trabajando para ver d\u00f3nde estuvo. Lo importante es que apareci\u00f3 sana y salva&#8221;, le dijo a La Nueva. el subsecretario de Seguridad de Villarino, Mart\u00edn Pacheco. Adem\u00e1s, explic\u00f3 que la chica &#8220;lleg\u00f3 al hogar [municipal de convivencia en donde viv\u00eda] por sus propios medios&#8221;. Por \u00faltimo, explic\u00f3 que la adolescente declarar\u00e1 &#8220;cuando los m\u00e9dicos determinen <a class=\"mh-excerpt-more\" href=\"http:\/\/dsrmedios.com.ar\/diario\/archivos\/1359\" title=\"Apareci\u00f3 la adolescente que buscaban en la regi\u00f3n desde el jueves pasado\">[Leer m\u00e1s]<\/a><\/p>\n<\/div>","protected":false},"author":5,"featured_media":1276,"comment_status":"open","ping_status":"closed","sticky":false,"template":"","format":"standard","meta":{"_jetpack_newsletter_access":""},"categories":[8],"tags":[],"jetpack_featured_media_url":"http:\/\/dsrmedios.com.ar\/diario\/wp-content\/uploads\/2017\/10\/desparecida.jpg","jetpack_sharing_enabled":true,"jetpack_shortlink":"https:\/\/wp.me\/p9fihK-lV","_links":{"self":[{"href":"http:\/\/dsrmedios.com.ar\/diario\/wp-json\/wp\/v2\/posts\/1359"}],"collection":[{"href":"http:\/\/dsrmedios.com.ar\/diario\/wp-json\/wp\/v2\/posts"}],"about":[{"href":"http:\/\/dsrmedios.com.ar\/diario\/wp-json\/wp\/v2\/types\/post"}],"author":[{"embeddable":true,"href":"http:\/\/dsrmedios.com.ar\/diario\/wp-json\/wp\/v2\/users\/5"}],"replies":[{"embeddable":true,"href":"http:\/\/dsrmedios.com.ar\/diario\/wp-json\/wp\/v2\/comments?post=1359"}],"version-history":[{"count":1,"href":"http:\/\/dsrmedios.com.ar\/diario\/wp-json\/wp\/v2\/posts\/1359\/revisions"}],"predecessor-version":[{"id":1360,"href":"http:\/\/dsrmedios.com.ar\/diario\/wp-json\/wp\/v2\/posts\/1359\/revisions\/1360"}],"wp:featuredmedia":[{"embeddable":true,"href":"http:\/\/dsrmedios.com.ar\/diario\/wp-json\/wp\/v2\/media\/1276"}],"wp:attachment":[{"href":"http:\/\/dsrmedios.com.ar\/diario\/wp-json\/wp\/v2\/media?parent=1359"}],"wp:term":[{"taxonomy":"category","embeddable":true,"href":"http:\/\/dsrmedios.com.ar\/diario\/wp-json\/wp\/v2\/categories?post=1359"},{"taxonomy":"post_tag","embeddable":true,"href":"http:\/\/dsrmedios.com.ar\/diario\/wp-json\/wp\/v2\/tags?post=1359"}],"curies":[{"name":"wp","href":"https:\/\/api.w.org\/{rel}","templated":true}]}}