{"id":1323,"date":"2017-10-09T00:13:00","date_gmt":"2017-10-09T03:13:00","guid":{"rendered":"http:\/\/dsrmedios.com.ar\/diario\/?p=1323"},"modified":"2017-10-09T00:13:00","modified_gmt":"2017-10-09T03:13:00","slug":"presentaron-una-nueva-ambulancia-de-ultima-generacion-en-el-hospital-de-carhue","status":"publish","type":"post","link":"http:\/\/dsrmedios.com.ar\/diario\/archivos\/1323","title":{"rendered":"Presentaron una nueva ambulancia de \u00faltima generaci\u00f3n en el hospital de Carhu\u00e9"},"content":{"rendered":"<p>El Intendente David Hirtz y la Directora de Salud, Diana Otero, presentaron la nueva ambulancia del Hospital General San Mart\u00edn durante la visita del Ministro de Gobierno de la Provincia , Joaqu\u00edn de La Torre.<br \/>\nLa ambulancia fue adquirida a trav\u00e9s de la Provincia de Buenos Aires y est\u00e1 completamente equipada.<br \/>\nEn el distrito hoy se cuenta con once ambulancias que prestan servicio en todas las localidades.<\/p>\n","protected":false},"excerpt":{"rendered":"<div class=\"mh-excerpt\"><p>El Intendente David Hirtz y la Directora de Salud, Diana Otero, presentaron la nueva ambulancia del Hospital General San Mart\u00edn durante la visita del Ministro de Gobierno de la Provincia , Joaqu\u00edn de La Torre. La ambulancia fue adquirida a trav\u00e9s de la Provincia de Buenos Aires y est\u00e1 completamente equipada. En el distrito hoy se cuenta con once ambulancias que prestan servicio en todas las localidades.<\/p>\n<\/div>","protected":false},"author":5,"featured_media":1324,"comment_status":"open","ping_status":"closed","sticky":false,"template":"","format":"standard","meta":{"_jetpack_newsletter_access":""},"categories":[18,5],"tags":[],"jetpack_featured_media_url":"http:\/\/dsrmedios.com.ar\/diario\/wp-content\/uploads\/2017\/10\/ambulan.jpeg","jetpack_sharing_enabled":true,"jetpack_shortlink":"https:\/\/wp.me\/p9fihK-ll","_links":{"self":[{"href":"http:\/\/dsrmedios.com.ar\/diario\/wp-json\/wp\/v2\/posts\/1323"}],"collection":[{"href":"http:\/\/dsrmedios.com.ar\/diario\/wp-json\/wp\/v2\/posts"}],"about":[{"href":"http:\/\/dsrmedios.com.ar\/diario\/wp-json\/wp\/v2\/types\/post"}],"author":[{"embeddable":true,"href":"http:\/\/dsrmedios.com.ar\/diario\/wp-json\/wp\/v2\/users\/5"}],"replies":[{"embeddable":true,"href":"http:\/\/dsrmedios.com.ar\/diario\/wp-json\/wp\/v2\/comments?post=1323"}],"version-history":[{"count":1,"href":"http:\/\/dsrmedios.com.ar\/diario\/wp-json\/wp\/v2\/posts\/1323\/revisions"}],"predecessor-version":[{"id":1325,"href":"http:\/\/dsrmedios.com.ar\/diario\/wp-json\/wp\/v2\/posts\/1323\/revisions\/1325"}],"wp:featuredmedia":[{"embeddable":true,"href":"http:\/\/dsrmedios.com.ar\/diario\/wp-json\/wp\/v2\/media\/1324"}],"wp:attachment":[{"href":"http:\/\/dsrmedios.com.ar\/diario\/wp-json\/wp\/v2\/media?parent=1323"}],"wp:term":[{"taxonomy":"category","embeddable":true,"href":"http:\/\/dsrmedios.com.ar\/diario\/wp-json\/wp\/v2\/categories?post=1323"},{"taxonomy":"post_tag","embeddable":true,"href":"http:\/\/dsrmedios.com.ar\/diario\/wp-json\/wp\/v2\/tags?post=1323"}],"curies":[{"name":"wp","href":"https:\/\/api.w.org\/{rel}","templated":true}]}}