{"id":1320,"date":"2017-10-09T00:13:23","date_gmt":"2017-10-09T03:13:23","guid":{"rendered":"http:\/\/dsrmedios.com.ar\/diario\/?p=1320"},"modified":"2017-10-09T00:13:23","modified_gmt":"2017-10-09T03:13:23","slug":"la-ermita-de-saavedra-celebra-sus-ochenta-anos-el-proximo-domingo-15-de-octubre","status":"publish","type":"post","link":"http:\/\/dsrmedios.com.ar\/diario\/archivos\/1320","title":{"rendered":"La Ermita de Saavedra celebra sus ochenta a\u00f1os el pr\u00f3ximo domingo 15 de octubre"},"content":{"rendered":"<p><strong><i>La ermita de Saavedra cumple 80 a\u00f1os y se prepara una intensa actividad religiosa para celebrarlo el pr\u00f3ximo domingo 15 de Octubre.<\/i><\/strong><\/p>\n<p>Ubicada dentro del Sistema Ventania y rodeada de un amplio bosque en donde reina una paz profunda que nos invita a reflexionar, se encuentra la Ermita Nuestra Se\u00f1ora de Luj\u00e1n de la Sierra, un lugar de indescriptible belleza que solo aquellos m\u00e1s atrevidos o quiz\u00e1s m\u00e1s devotos se animan a visitar.<\/p>\n<p>All\u00e1 por el a\u00f1o 1935 surgi\u00f3 la idea de levantar un lugar de oraci\u00f3n para fieles y peregrinos devotos de la Virgen de Luj\u00e1n que se encontraba muy lejos en la provincia de Buenos Aires para poderla ir a ver.<\/p>\n<p>Fue entonces cuando en un cerro donado por la familia Casella en la ciudad de Saavedra frente al Curamalal Grande, se prepar\u00f3 el terreno y se realiz\u00f3 una perforaci\u00f3n de 28 metros de la que surgi\u00f3 agua cristalina, la cual iba a ser destinada a quienes visitaran la ermita y sus instalaciones.<\/p>\n<p>Por aquellos lados la sequ\u00eda intensa e incesante era una gran amenaza para las cosechas, por eso en 1938 se organiz\u00f3 la Primera Peregrinaci\u00f3n con el objeto de pedirle ayuda a la Virgen para que llueva y milagrosamente, ese mismo d\u00eda, horas m\u00e1s tarde comenz\u00f3 a llover.<\/p>\n<p>Acompa\u00f1ada de otras im\u00e1genes como la de su Santa Madre, es el lugar ideal para los retiros espirituales pero tambi\u00e9n para disfrutar de un d\u00eda de picnic tranquilo en familia y conocer el Abra del Hinojo que nos deslumbra con su inmensidad, acompa\u00f1\u00e1ndonos al costado del camino.<\/p>\n<p>PROGRAMA DE ACTIVIDADES:<\/p>\n<div>\n<p>DOMINGO 15:<br \/>\n11 HORAS:Santa Misa Dominical.<br \/>\nSalida a pie de Peregrinos desde el Monasterio Bizantino de Pig\u00fc\u00e9, Te 02923- 472087 (con acompa\u00f1amiento de veh\u00edculos).<\/p>\n<p>19 HORAS:Divina Liturgia (Misa Bizantina).<\/p>\n<p>22 a 6 HORAS:Adoraci\u00f3n al Sant\u00edsimo Sacramento en la capilla de la Reconciliaci\u00f3n.<\/p>\n<p>23.30 HORAS:Salida a pie de peregrinos desde la parroquia de Luj\u00e1n de Pig\u00fc\u00e9 (con acompa\u00f1amiento de veh\u00edculos).<\/p>\n<p>LUNES 16:<br \/>\n7.30 HORAS.Santa Misa en el cerro.<\/p>\n<p>8 HORAS:Salida de peregrinos con la imagen de la Virgen desde la Parroquia de Saavedra.<\/p>\n<p>10.30 HORAS:Recepci\u00f3n de la Imagen de la Virgen acompa\u00f1ada de peregrinos.<\/p>\n<p>11 HORAS.Santa Misa Solemne, preside Monse\u00f1or Fray Carlos Alfonso Azpiroz Costa, Arzobispo de Bah\u00eda Blanca.<\/p>\n<p>16 HORAS:Rezo del Santo Rosario por el Cerro.<\/p>\n<p>17 HORAS:Santa Misa de Clausura.<\/p>\n<p>18.15 HORAS.Canto del Himno Akatistos, alabanzas a Mar\u00eda (Monjes bizantinos).<\/p>\n<p>Confesiones durante todo el d\u00eda en la Capilla de la Reconciliaci\u00f3n y bendici\u00f3n de objetos sagrados.<\/p>\n<p>Informes:<a href=\"http:\/\/www.ermitadesaavedra%2Ccom.ar\/\">www.ermitadesaavedra,com.ar<\/a><br \/>\n02923 &#8211; 497133.<br \/>\nCelulares: (0291) 1546 45272 &#8211; (0291) 1547 67702 &#8211;<br \/>\n(02923) 155 75321<\/p>\n<p>Fuente:www.ciudadnoticias.com<\/p>\n<\/div>\n","protected":false},"excerpt":{"rendered":"<div class=\"mh-excerpt\"><p>La ermita de Saavedra cumple 80 a\u00f1os y se prepara una intensa actividad religiosa para celebrarlo el pr\u00f3ximo domingo 15 de Octubre. Ubicada dentro del Sistema Ventania y rodeada de un amplio bosque en donde reina una paz profunda que nos invita a reflexionar, se encuentra la Ermita Nuestra Se\u00f1ora de Luj\u00e1n de la Sierra, un lugar de indescriptible belleza que solo aquellos m\u00e1s atrevidos o quiz\u00e1s m\u00e1s devotos se animan a visitar. All\u00e1 por el a\u00f1o 1935 surgi\u00f3 la idea de levantar un lugar de oraci\u00f3n para fieles y peregrinos devotos de la Virgen de Luj\u00e1n que se encontraba <a class=\"mh-excerpt-more\" href=\"http:\/\/dsrmedios.com.ar\/diario\/archivos\/1320\" title=\"La Ermita de Saavedra celebra sus ochenta a\u00f1os el pr\u00f3ximo domingo 15 de octubre\">[Leer m\u00e1s]<\/a><\/p>\n<\/div>","protected":false},"author":5,"featured_media":1321,"comment_status":"open","ping_status":"closed","sticky":false,"template":"","format":"standard","meta":{"_jetpack_newsletter_access":""},"categories":[8],"tags":[],"jetpack_featured_media_url":"http:\/\/dsrmedios.com.ar\/diario\/wp-content\/uploads\/2017\/10\/ApagFQgEkolgqD34mBi_FOECElu685f7bZ2t9NVKTKUl.jpg","jetpack_sharing_enabled":true,"jetpack_shortlink":"https:\/\/wp.me\/p9fihK-li","_links":{"self":[{"href":"http:\/\/dsrmedios.com.ar\/diario\/wp-json\/wp\/v2\/posts\/1320"}],"collection":[{"href":"http:\/\/dsrmedios.com.ar\/diario\/wp-json\/wp\/v2\/posts"}],"about":[{"href":"http:\/\/dsrmedios.com.ar\/diario\/wp-json\/wp\/v2\/types\/post"}],"author":[{"embeddable":true,"href":"http:\/\/dsrmedios.com.ar\/diario\/wp-json\/wp\/v2\/users\/5"}],"replies":[{"embeddable":true,"href":"http:\/\/dsrmedios.com.ar\/diario\/wp-json\/wp\/v2\/comments?post=1320"}],"version-history":[{"count":1,"href":"http:\/\/dsrmedios.com.ar\/diario\/wp-json\/wp\/v2\/posts\/1320\/revisions"}],"predecessor-version":[{"id":1322,"href":"http:\/\/dsrmedios.com.ar\/diario\/wp-json\/wp\/v2\/posts\/1320\/revisions\/1322"}],"wp:featuredmedia":[{"embeddable":true,"href":"http:\/\/dsrmedios.com.ar\/diario\/wp-json\/wp\/v2\/media\/1321"}],"wp:attachment":[{"href":"http:\/\/dsrmedios.com.ar\/diario\/wp-json\/wp\/v2\/media?parent=1320"}],"wp:term":[{"taxonomy":"category","embeddable":true,"href":"http:\/\/dsrmedios.com.ar\/diario\/wp-json\/wp\/v2\/categories?post=1320"},{"taxonomy":"post_tag","embeddable":true,"href":"http:\/\/dsrmedios.com.ar\/diario\/wp-json\/wp\/v2\/tags?post=1320"}],"curies":[{"name":"wp","href":"https:\/\/api.w.org\/{rel}","templated":true}]}}