{"id":1306,"date":"2017-10-06T11:02:04","date_gmt":"2017-10-06T14:02:04","guid":{"rendered":"http:\/\/dsrmedios.com.ar\/diario\/?p=1306"},"modified":"2017-10-06T11:02:04","modified_gmt":"2017-10-06T14:02:04","slug":"el-carhuense-dr-adolfo-uribe-echevarria-fue-distinguido-hoy-como-ciudadano-destacado-de-la-ciudad-de-cordoba","status":"publish","type":"post","link":"http:\/\/dsrmedios.com.ar\/diario\/archivos\/1306","title":{"rendered":"El carhuense Dr. Adolfo Uribe Echevarr\u00eda fue distinguido hoy como Ciudadano Destacado de la Ciudad de C\u00f3rdoba"},"content":{"rendered":"<p>Hoy jueves 5 de octubre, a las 10 horas, en el Honorable Concejo Deliberante de la Ciudad de C\u00f3rdoba, se<span class=\"text_exposed_show\">\u00a0le entreg\u00f3 al Dr.\u00a0<a class=\"profileLink\" href=\"https:\/\/www.facebook.com\/adolfo.uribeechevarria.1?fref=mentions\" data-hovercard=\"\/ajax\/hovercard\/user.php?id=100020829518250&amp;extragetparams=%7B%22fref%22%3A%22mentions%22%7D\" data-hovercard-prefer-more-content-show=\"1\">Adolfo Uribe Echevarr\u00eda<\/a>\u00a0el premio como Ciudadano Destacado de C\u00f3rdoba, por su extensa y comprometida trayectoria. Merecido y meritorio homenaje para uno de los m\u00e1s queridos profesionales del\u00a0<a class=\"profileLink\" href=\"https:\/\/www.facebook.com\/HospitalCordoba\/?fref=mentions\" data-hovercard=\"\/ajax\/hovercard\/page.php?id=350593801787922&amp;extragetparams=%7B%22fref%22%3A%22mentions%22%7D\" data-hovercard-prefer-more-content-show=\"1\">Hospital C\u00f3rdoba .<\/a><\/span><\/p>\n<p>El Dr Uribe Echevarr\u00eda es oriundo de nuestra ciudad y se radic\u00f3 en la provincia mediterr\u00e1nea desde su juventud, lugar que eligi\u00f3 para desarrollar su profesi\u00f3n con notable reconocimiento que se vi\u00f3 coronado esta ma\u00f1ana.<\/p>\n<p>Este ciudadano carhuense proviene de una antigua familia de nuestro medio, tiene en la actualidad 84 a\u00f1os, cuatro hijos y ha sido premiado y honrado con diferentes distinciones por su dilatada y excelente trayectoria profesional.<\/p>\n<p>&nbsp;<\/p>\n","protected":false},"excerpt":{"rendered":"<div class=\"mh-excerpt\"><p>Hoy jueves 5 de octubre, a las 10 horas, en el Honorable Concejo Deliberante de la Ciudad de C\u00f3rdoba, se\u00a0le entreg\u00f3 al Dr.\u00a0Adolfo Uribe Echevarr\u00eda\u00a0el premio como Ciudadano Destacado de C\u00f3rdoba, por su extensa y comprometida trayectoria. Merecido y meritorio homenaje para uno de los m\u00e1s queridos profesionales del\u00a0Hospital C\u00f3rdoba . El Dr Uribe Echevarr\u00eda es oriundo de nuestra ciudad y se radic\u00f3 en la provincia mediterr\u00e1nea desde su juventud, lugar que eligi\u00f3 para desarrollar su profesi\u00f3n con notable reconocimiento que se vi\u00f3 coronado esta ma\u00f1ana. Este ciudadano carhuense proviene de una antigua familia de nuestro medio, tiene en la <a class=\"mh-excerpt-more\" href=\"http:\/\/dsrmedios.com.ar\/diario\/archivos\/1306\" title=\"El carhuense Dr. Adolfo Uribe Echevarr\u00eda fue distinguido hoy como Ciudadano Destacado de la Ciudad de C\u00f3rdoba\">[Leer m\u00e1s]<\/a><\/p>\n<\/div>","protected":false},"author":5,"featured_media":1307,"comment_status":"open","ping_status":"closed","sticky":false,"template":"","format":"standard","meta":{"_jetpack_newsletter_access":""},"categories":[2,18],"tags":[],"jetpack_featured_media_url":"http:\/\/dsrmedios.com.ar\/diario\/wp-content\/uploads\/2017\/10\/adolfo-uribe-echevarria.jpg","jetpack_sharing_enabled":true,"jetpack_shortlink":"https:\/\/wp.me\/p9fihK-l4","_links":{"self":[{"href":"http:\/\/dsrmedios.com.ar\/diario\/wp-json\/wp\/v2\/posts\/1306"}],"collection":[{"href":"http:\/\/dsrmedios.com.ar\/diario\/wp-json\/wp\/v2\/posts"}],"about":[{"href":"http:\/\/dsrmedios.com.ar\/diario\/wp-json\/wp\/v2\/types\/post"}],"author":[{"embeddable":true,"href":"http:\/\/dsrmedios.com.ar\/diario\/wp-json\/wp\/v2\/users\/5"}],"replies":[{"embeddable":true,"href":"http:\/\/dsrmedios.com.ar\/diario\/wp-json\/wp\/v2\/comments?post=1306"}],"version-history":[{"count":1,"href":"http:\/\/dsrmedios.com.ar\/diario\/wp-json\/wp\/v2\/posts\/1306\/revisions"}],"predecessor-version":[{"id":1308,"href":"http:\/\/dsrmedios.com.ar\/diario\/wp-json\/wp\/v2\/posts\/1306\/revisions\/1308"}],"wp:featuredmedia":[{"embeddable":true,"href":"http:\/\/dsrmedios.com.ar\/diario\/wp-json\/wp\/v2\/media\/1307"}],"wp:attachment":[{"href":"http:\/\/dsrmedios.com.ar\/diario\/wp-json\/wp\/v2\/media?parent=1306"}],"wp:term":[{"taxonomy":"category","embeddable":true,"href":"http:\/\/dsrmedios.com.ar\/diario\/wp-json\/wp\/v2\/categories?post=1306"},{"taxonomy":"post_tag","embeddable":true,"href":"http:\/\/dsrmedios.com.ar\/diario\/wp-json\/wp\/v2\/tags?post=1306"}],"curies":[{"name":"wp","href":"https:\/\/api.w.org\/{rel}","templated":true}]}}