{"id":1289,"date":"2017-10-06T08:28:13","date_gmt":"2017-10-06T11:28:13","guid":{"rendered":"http:\/\/dsrmedios.com.ar\/diario\/?p=1289"},"modified":"2017-10-06T10:51:17","modified_gmt":"2017-10-06T13:51:17","slug":"se-realizo-la-segunda-jornada-de-turismo-del-corredor-regional-en-nuestra-ciudad","status":"publish","type":"post","link":"http:\/\/dsrmedios.com.ar\/diario\/archivos\/1289","title":{"rendered":"Se realiz\u00f3 la Segunda Jornada de Turismo del corredor regional en nuestra ciudad"},"content":{"rendered":"<p>El Subsecretario de Turismo de la Provincia de Buenos Aires, Ignacio Crotto, abri\u00f3 el 2\u00ba Encuentro de Turismo del Sudoeste Bonaerense en Carhu\u00e9 junto al Intendente David Hirtz, Silvio Rauchenberger, Director Ejecutivo de Fehgra Filial Bah\u00eda Blanca.<br \/>\nDurante la apertura Crotto remarc\u00f3 \u00a0&#8220;Mar\u00eda Eugenia Vidal me dijo que cree que la Provincia de Buenos Aires tiene todav\u00eda mucho potencial tur\u00edstico y coincido totalmente. Me nombr\u00f3 5 lugares entre los que estaba Carhu\u00e9, que ella conoci\u00f3, visit\u00f3 las ruinas y le encant\u00f3 el lugar&#8221;.<br \/>\nEl 2\u00ba Encuentro de Turismo del que participaron 200 personas: prestadores tur\u00edsticos, secretarios de los municipios, estudiantes y p\u00fablico general. Fue organizado conjuntamente por los Municipios de Adolfo Alsina y Puan \u00a0y declarado de inter\u00e9s nacional, provincial y municipal en ambas localidades. Su objetivo fundamental es generar un espacio de reflexi\u00f3n sobre temas estrat\u00e9gicos para incorporar al turismo como motor dinamizador de las econom\u00edas regionales, y para posicionar tur\u00edsticamente a la regi\u00f3n del sudoeste de la Provincia de Buenos Aires.<br \/>\nEl Intendente David Hirtz celebr\u00f3 el \u00a0encuentro y manifest\u00f3 \u201cEstamos en un camino exitoso pero claramente insuficiente de generarnos como regi\u00f3n, ir encontrando ese camino de integraci\u00f3n regional que nos tiene que mostrar como un lugar diferenciado en la provincia de buenos Aires\u201d<br \/>\nAl mismo tiempo que plante\u00f3 el desaf\u00edo que enfrentan los municipios de la Regi\u00f3n : \u201cBah\u00eda Blanca est\u00e1 transform\u00e1ndose en un fuerte im\u00e1n de inversiones, de generaci\u00f3n de movimiento, de tr\u00e1nsito hacia lo que en el futuro posiblemente sea el puerto de salida hacia Asia Pac\u00edfico. Tenemos que poner nuestra regi\u00f3n en las condiciones de aprovechar el crecimiento de Bah\u00eda Blanca. Uno de los elementos integradores que podemos trabajar es el desarrollo tur\u00edstico con la infraestructura que se est\u00e1 generando en la regi\u00f3n, con las nuevas rutas, con la repavimentaci\u00f3n de la 33, con la recuperaci\u00f3n de los medios de comunicaci\u00f3n. Los gobiernos locales tenemos que asumir el desaf\u00edo con el apoyo de la provincia y la naci\u00f3n. \u201c<br \/>\nSobre la importancia de la infraestructura, el subsecretario de turismo afirm\u00f3 \u201cLa cuesti\u00f3n es conexi\u00f3n o muerte. Sin conexi\u00f3n es muy dif\u00edcil crecer tur\u00edsticamente.\u201d<br \/>\nEn la misma l\u00ednea, una de las charlas estuvo abocada a plantear las dificultades de conexi\u00f3n dentro de la regi\u00f3n y remarc\u00f3 c\u00f3mo aprovechar las conexiones de aviones y tren en Bah\u00eda Blanca, y las de tren y \u00f3mnibus desde Pigue. Un nicho real que se abre para el desarrollo de emprendimientos privados.<\/p>\n<p>Sustentabilidad, comunicaci\u00f3n y nuevas tecnolog\u00edas<\/p>\n<p>Durante el encuentro se realizaron tres paneles con prestigiosas disertaciones: Ideas y programas para un turismo sustentable\u201d, \u201cComunicaci\u00f3n y turismo\u201d y \u201cNuevas tecnolog\u00edas aplicadas a atractivos tur\u00edsticos\u201d.<br \/>\nEstuvieron a cargo de expositores de Buenos Aires, Bah\u00eda Blanca, Santa Fe, la regi\u00f3n y Carhu\u00e9.<br \/>\nTamara Guere\u00f1o present\u00f3 \u201c El uso de energ\u00edas alternativas en destinos tur\u00edsticos\u201d , mientras que Pablo Dalinger y Franco Echeverr\u00eda dieron ideas para potenciar el turismo con nuevas tecnolog\u00edas.<br \/>\n<img decoding=\"async\" loading=\"lazy\" class=\"aligncenter size-full wp-image-1291\" src=\"http:\/\/dsrmedios.com.ar\/diario\/wp-content\/uploads\/2017\/10\/turism3.jpg\" alt=\"\" width=\"1280\" height=\"853\" srcset=\"http:\/\/dsrmedios.com.ar\/diario\/wp-content\/uploads\/2017\/10\/turism3.jpg 1280w, http:\/\/dsrmedios.com.ar\/diario\/wp-content\/uploads\/2017\/10\/turism3-300x200.jpg 300w, http:\/\/dsrmedios.com.ar\/diario\/wp-content\/uploads\/2017\/10\/turism3-768x512.jpg 768w, http:\/\/dsrmedios.com.ar\/diario\/wp-content\/uploads\/2017\/10\/turism3-1024x682.jpg 1024w\" sizes=\"(max-width: 1280px) 100vw, 1280px\" \/> <img decoding=\"async\" loading=\"lazy\" class=\"aligncenter size-full wp-image-1292\" src=\"http:\/\/dsrmedios.com.ar\/diario\/wp-content\/uploads\/2017\/10\/turism4.jpg\" alt=\"\" width=\"1280\" height=\"853\" srcset=\"http:\/\/dsrmedios.com.ar\/diario\/wp-content\/uploads\/2017\/10\/turism4.jpg 1280w, http:\/\/dsrmedios.com.ar\/diario\/wp-content\/uploads\/2017\/10\/turism4-300x200.jpg 300w, http:\/\/dsrmedios.com.ar\/diario\/wp-content\/uploads\/2017\/10\/turism4-768x512.jpg 768w, http:\/\/dsrmedios.com.ar\/diario\/wp-content\/uploads\/2017\/10\/turism4-1024x682.jpg 1024w\" sizes=\"(max-width: 1280px) 100vw, 1280px\" \/><\/p>\n","protected":false},"excerpt":{"rendered":"<div class=\"mh-excerpt\"><p>El Subsecretario de Turismo de la Provincia de Buenos Aires, Ignacio Crotto, abri\u00f3 el 2\u00ba Encuentro de Turismo del Sudoeste Bonaerense en Carhu\u00e9 junto al Intendente David Hirtz, Silvio Rauchenberger, Director Ejecutivo de Fehgra Filial Bah\u00eda Blanca. Durante la apertura Crotto remarc\u00f3 \u00a0&#8220;Mar\u00eda Eugenia Vidal me dijo que cree que la Provincia de Buenos Aires tiene todav\u00eda mucho potencial tur\u00edstico y coincido totalmente. Me nombr\u00f3 5 lugares entre los que estaba Carhu\u00e9, que ella conoci\u00f3, visit\u00f3 las ruinas y le encant\u00f3 el lugar&#8221;. El 2\u00ba Encuentro de Turismo del que participaron 200 personas: prestadores tur\u00edsticos, secretarios de los municipios, estudiantes <a class=\"mh-excerpt-more\" href=\"http:\/\/dsrmedios.com.ar\/diario\/archivos\/1289\" title=\"Se realiz\u00f3 la Segunda Jornada de Turismo del corredor regional en nuestra ciudad\">[Leer m\u00e1s]<\/a><\/p>\n<\/div>","protected":false},"author":5,"featured_media":1290,"comment_status":"open","ping_status":"closed","sticky":false,"template":"","format":"standard","meta":{"_jetpack_newsletter_access":""},"categories":[18,5],"tags":[],"jetpack_featured_media_url":"http:\/\/dsrmedios.com.ar\/diario\/wp-content\/uploads\/2017\/10\/turism1.jpg","jetpack_sharing_enabled":true,"jetpack_shortlink":"https:\/\/wp.me\/p9fihK-kN","_links":{"self":[{"href":"http:\/\/dsrmedios.com.ar\/diario\/wp-json\/wp\/v2\/posts\/1289"}],"collection":[{"href":"http:\/\/dsrmedios.com.ar\/diario\/wp-json\/wp\/v2\/posts"}],"about":[{"href":"http:\/\/dsrmedios.com.ar\/diario\/wp-json\/wp\/v2\/types\/post"}],"author":[{"embeddable":true,"href":"http:\/\/dsrmedios.com.ar\/diario\/wp-json\/wp\/v2\/users\/5"}],"replies":[{"embeddable":true,"href":"http:\/\/dsrmedios.com.ar\/diario\/wp-json\/wp\/v2\/comments?post=1289"}],"version-history":[{"count":2,"href":"http:\/\/dsrmedios.com.ar\/diario\/wp-json\/wp\/v2\/posts\/1289\/revisions"}],"predecessor-version":[{"id":1305,"href":"http:\/\/dsrmedios.com.ar\/diario\/wp-json\/wp\/v2\/posts\/1289\/revisions\/1305"}],"wp:featuredmedia":[{"embeddable":true,"href":"http:\/\/dsrmedios.com.ar\/diario\/wp-json\/wp\/v2\/media\/1290"}],"wp:attachment":[{"href":"http:\/\/dsrmedios.com.ar\/diario\/wp-json\/wp\/v2\/media?parent=1289"}],"wp:term":[{"taxonomy":"category","embeddable":true,"href":"http:\/\/dsrmedios.com.ar\/diario\/wp-json\/wp\/v2\/categories?post=1289"},{"taxonomy":"post_tag","embeddable":true,"href":"http:\/\/dsrmedios.com.ar\/diario\/wp-json\/wp\/v2\/tags?post=1289"}],"curies":[{"name":"wp","href":"https:\/\/api.w.org\/{rel}","templated":true}]}}