{"id":1286,"date":"2017-10-06T08:20:30","date_gmt":"2017-10-06T11:20:30","guid":{"rendered":"http:\/\/dsrmedios.com.ar\/diario\/?p=1286"},"modified":"2017-10-06T08:20:30","modified_gmt":"2017-10-06T11:20:30","slug":"fallecio-un-joven-de-21-anos-en-un-accidente-en-la-ruta-76-entre-bordenave-y-17-de-agosto","status":"publish","type":"post","link":"http:\/\/dsrmedios.com.ar\/diario\/archivos\/1286","title":{"rendered":"Falleci\u00f3 un joven de 21 a\u00f1os en un accidente en la ruta 76 entre Bordenave y 17 de Agosto"},"content":{"rendered":"<p>La muerte de un joven de 21 a\u00f1os fue el tr\u00e1gico saldo de un accidente de tr\u00e1nsito que se produjo en la Ruta Provincial 76, entre las localidades de Bordenave y 17 de Agosto.<\/p>\n<p>Se trata de Lucas Gentili Issepi, quien era estudiante de Ciencias Veterinarias en la Universidad Nacional del Centro de la Provincia de Buenos Aires (UNICEN).<\/p>\n<p>Desde el destacamento policial de la localidad de Bordenave indicaron que, por causas que se tratan de establecer, el Chevrolet Corsa que manejaba el joven sali\u00f3 de la cinta asf\u00e1ltica y volc\u00f3. Gentili sufri\u00f3 graves heridas y fue llevado al Hospital de Puan, donde falleci\u00f3 poco despu\u00e9s.<\/p>\n<p>La v\u00edctima iba acompa\u00f1ada por su padre y una joven allegada a la familia, quienes resultaron ilesos.<\/p>\n<p>Fuente:www.ciudadnoticias.com.ar<\/p>\n","protected":false},"excerpt":{"rendered":"<div class=\"mh-excerpt\"><p>La muerte de un joven de 21 a\u00f1os fue el tr\u00e1gico saldo de un accidente de tr\u00e1nsito que se produjo en la Ruta Provincial 76, entre las localidades de Bordenave y 17 de Agosto. Se trata de Lucas Gentili Issepi, quien era estudiante de Ciencias Veterinarias en la Universidad Nacional del Centro de la Provincia de Buenos Aires (UNICEN). Desde el destacamento policial de la localidad de Bordenave indicaron que, por causas que se tratan de establecer, el Chevrolet Corsa que manejaba el joven sali\u00f3 de la cinta asf\u00e1ltica y volc\u00f3. Gentili sufri\u00f3 graves heridas y fue llevado al Hospital <a class=\"mh-excerpt-more\" href=\"http:\/\/dsrmedios.com.ar\/diario\/archivos\/1286\" title=\"Falleci\u00f3 un joven de 21 a\u00f1os en un accidente en la ruta 76 entre Bordenave y 17 de Agosto\">[Leer m\u00e1s]<\/a><\/p>\n<\/div>","protected":false},"author":5,"featured_media":1287,"comment_status":"open","ping_status":"closed","sticky":false,"template":"","format":"standard","meta":{"_jetpack_newsletter_access":""},"categories":[8],"tags":[],"jetpack_featured_media_url":"http:\/\/dsrmedios.com.ar\/diario\/wp-content\/uploads\/2017\/10\/accidente-bordenave.jpeg","jetpack_sharing_enabled":true,"jetpack_shortlink":"https:\/\/wp.me\/p9fihK-kK","_links":{"self":[{"href":"http:\/\/dsrmedios.com.ar\/diario\/wp-json\/wp\/v2\/posts\/1286"}],"collection":[{"href":"http:\/\/dsrmedios.com.ar\/diario\/wp-json\/wp\/v2\/posts"}],"about":[{"href":"http:\/\/dsrmedios.com.ar\/diario\/wp-json\/wp\/v2\/types\/post"}],"author":[{"embeddable":true,"href":"http:\/\/dsrmedios.com.ar\/diario\/wp-json\/wp\/v2\/users\/5"}],"replies":[{"embeddable":true,"href":"http:\/\/dsrmedios.com.ar\/diario\/wp-json\/wp\/v2\/comments?post=1286"}],"version-history":[{"count":1,"href":"http:\/\/dsrmedios.com.ar\/diario\/wp-json\/wp\/v2\/posts\/1286\/revisions"}],"predecessor-version":[{"id":1288,"href":"http:\/\/dsrmedios.com.ar\/diario\/wp-json\/wp\/v2\/posts\/1286\/revisions\/1288"}],"wp:featuredmedia":[{"embeddable":true,"href":"http:\/\/dsrmedios.com.ar\/diario\/wp-json\/wp\/v2\/media\/1287"}],"wp:attachment":[{"href":"http:\/\/dsrmedios.com.ar\/diario\/wp-json\/wp\/v2\/media?parent=1286"}],"wp:term":[{"taxonomy":"category","embeddable":true,"href":"http:\/\/dsrmedios.com.ar\/diario\/wp-json\/wp\/v2\/categories?post=1286"},{"taxonomy":"post_tag","embeddable":true,"href":"http:\/\/dsrmedios.com.ar\/diario\/wp-json\/wp\/v2\/tags?post=1286"}],"curies":[{"name":"wp","href":"https:\/\/api.w.org\/{rel}","templated":true}]}}