{"id":1244,"date":"2017-10-05T08:15:54","date_gmt":"2017-10-05T11:15:54","guid":{"rendered":"http:\/\/dsrmedios.com.ar\/diario\/?p=1244"},"modified":"2017-10-05T08:15:54","modified_gmt":"2017-10-05T11:15:54","slug":"fallecio-el-ex-concejal-de-la-ucr-ricardo-pochi-laspiur","status":"publish","type":"post","link":"http:\/\/dsrmedios.com.ar\/diario\/archivos\/1244","title":{"rendered":"Falleci\u00f3 el ex Concejal de la UCR Ricardo &#8220;Pochi&#8221; Laspiur"},"content":{"rendered":"<p>El reconocido vecino, comerciante e integrante de diferentes instituciones, quien participara en los a\u00f1os 90 por dos mandatos como Concejal de la UCR, falleci\u00f3 ayer a los 76 a\u00f1os. Sus restos velados en Sarmiento y Mitre recibir\u00e1n sepultura hoy jueves a las 10:30 horas.<\/p>\n<p>Su p\u00e9rdida enluta a una extensa familia de nuestra ciudad y tambi\u00e9n a las instituciones a las que perteneci\u00f3.<\/p>\n","protected":false},"excerpt":{"rendered":"<div class=\"mh-excerpt\"><p>El reconocido vecino, comerciante e integrante de diferentes instituciones, quien participara en los a\u00f1os 90 por dos mandatos como Concejal de la UCR, falleci\u00f3 ayer a los 76 a\u00f1os. Sus restos velados en Sarmiento y Mitre recibir\u00e1n sepultura hoy jueves a las 10:30 horas. Su p\u00e9rdida enluta a una extensa familia de nuestra ciudad y tambi\u00e9n a las instituciones a las que perteneci\u00f3.<\/p>\n<\/div>","protected":false},"author":5,"featured_media":1245,"comment_status":"open","ping_status":"closed","sticky":false,"template":"","format":"standard","meta":{"_jetpack_newsletter_access":""},"categories":[18],"tags":[],"jetpack_featured_media_url":"http:\/\/dsrmedios.com.ar\/diario\/wp-content\/uploads\/2017\/10\/pochi.jpg","jetpack_sharing_enabled":true,"jetpack_shortlink":"https:\/\/wp.me\/p9fihK-k4","_links":{"self":[{"href":"http:\/\/dsrmedios.com.ar\/diario\/wp-json\/wp\/v2\/posts\/1244"}],"collection":[{"href":"http:\/\/dsrmedios.com.ar\/diario\/wp-json\/wp\/v2\/posts"}],"about":[{"href":"http:\/\/dsrmedios.com.ar\/diario\/wp-json\/wp\/v2\/types\/post"}],"author":[{"embeddable":true,"href":"http:\/\/dsrmedios.com.ar\/diario\/wp-json\/wp\/v2\/users\/5"}],"replies":[{"embeddable":true,"href":"http:\/\/dsrmedios.com.ar\/diario\/wp-json\/wp\/v2\/comments?post=1244"}],"version-history":[{"count":1,"href":"http:\/\/dsrmedios.com.ar\/diario\/wp-json\/wp\/v2\/posts\/1244\/revisions"}],"predecessor-version":[{"id":1246,"href":"http:\/\/dsrmedios.com.ar\/diario\/wp-json\/wp\/v2\/posts\/1244\/revisions\/1246"}],"wp:featuredmedia":[{"embeddable":true,"href":"http:\/\/dsrmedios.com.ar\/diario\/wp-json\/wp\/v2\/media\/1245"}],"wp:attachment":[{"href":"http:\/\/dsrmedios.com.ar\/diario\/wp-json\/wp\/v2\/media?parent=1244"}],"wp:term":[{"taxonomy":"category","embeddable":true,"href":"http:\/\/dsrmedios.com.ar\/diario\/wp-json\/wp\/v2\/categories?post=1244"},{"taxonomy":"post_tag","embeddable":true,"href":"http:\/\/dsrmedios.com.ar\/diario\/wp-json\/wp\/v2\/tags?post=1244"}],"curies":[{"name":"wp","href":"https:\/\/api.w.org\/{rel}","templated":true}]}}