{"id":1235,"date":"2017-10-05T07:55:33","date_gmt":"2017-10-05T10:55:33","guid":{"rendered":"http:\/\/dsrmedios.com.ar\/diario\/?p=1235"},"modified":"2017-10-05T07:58:39","modified_gmt":"2017-10-05T10:58:39","slug":"1235","status":"publish","type":"post","link":"http:\/\/dsrmedios.com.ar\/diario\/archivos\/1235","title":{"rendered":"El gobierno avanza en la Ley de Blanqueo Laboral para formalizar a un mill\u00f3n de trabajadores"},"content":{"rendered":"<p>Las negociaciones para avanzar con la ley de blanqueo laboral deber\u00e1n estar finalizadas antes de marzo pr\u00f3ximo. El plan que ya puso en marcha el ministro de Trabajo, Jorge Triaca , es que haya un resultado concreto antes del comienzo del nuevo a\u00f1o legislativo para permitir la formalizaci\u00f3n de hasta un mill\u00f3n de trabajadores.<\/p>\n<p>La nueva norma que deber\u00e1 discutir el Congreso ya est\u00e1 en elaboraci\u00f3n. Triaca apuesta a lograr un acuerdo que alcance a la mayor cantidad de gremios y empresarios. La nueva ley de formalizaci\u00f3n laboral prev\u00e9 eximir del pago de multas a los empresarios que regularicen la situaci\u00f3n de sus trabajadores; el Estado reconocer\u00e1 a cuenta los aportes al sistema previsional por los a\u00f1os en los que el empleado haya estado en la informalidad.<\/p>\n<p>&#8220;La ventana donde hay que conseguir resultados es en estos seis meses. Es en el tiempo legislativo de ac\u00e1 hasta diciembre y eventualmente en sesiones extraordinarias. El di\u00e1logo ya empez\u00f3&#8221;, confi\u00f3 un importante ministro del gabinete nacional.<\/p>\n<p>Ahora es tiempo de &#8220;evaluar alternativas, se est\u00e1 trabajando en eso&#8221;, dijeron fuentes oficiales. Pero cerca de Triaca est\u00e1n convencidos de que todo se ordenar\u00e1 despu\u00e9s de las elecciones legislativas del 22. &#8220;En la medida en que vayamos avanzando, iremos negociando otras cosas&#8221;, adelant\u00f3 uno de los principales asesores del Presidente.<\/p>\n<p>En la actualidad hay 4,5 millones de asalariados que est\u00e1n en negro, que no aportan al sistema y que no cuentan con obra social ni derechos laborales. De ese universo, en una primera etapa, el Gobierno aspira a que entre 800.000 y 1.000.000 se sumen al trabajo formal. El foco estar\u00e1 puesto en la construcci\u00f3n, el comercio y gastron\u00f3micos, los peones rurales, el personal dom\u00e9stico y, en menor medida, los empleados de las manufacturas.<\/p>\n<p>El objetivo del Gobierno es terminar en parte con la &#8220;mafia de los juicios laborales&#8221;, como la defini\u00f3 el Presidente. El blanqueo laboral es la conclusi\u00f3n del pedido que el jefe del Estado le encarg\u00f3 al ministro de Trabajo. Para Macri, la ola de juicios laborales es adem\u00e1s un freno para las inversiones. Pero, como en cada decisi\u00f3n que tom\u00f3 la administraci\u00f3n nacional que afect\u00f3 a los trabajadores, todo ser\u00e1 &#8220;gradual&#8221;. &#8220;Es raro que se reduzcan los accidentes laborales y aumente la cantidad de juicios. Hay unos 60 estudios de abogados que el a\u00f1o pasado se llevaron unos 600 millones d\u00f3lares&#8221;, dijo ayer Triaca en un almuerzo que organiz\u00f3 por el Rotary Club en el hotel Sheraton.<\/p>\n<p>La capacitaci\u00f3n es otro punto central. La meta es trabajar sobre los procesos formativos en distintas etapas. Una de las preocupaciones de los empresarios que Triaca suele trasladarles a los sindicalistas es que hoy falta personal id\u00f3neo para cubrir las vacantes.<\/p>\n<p>Una de las opciones en evaluaci\u00f3n son las pasant\u00edas formativas. Esta posibilidad gener\u00f3 mucha resistencia al comienzo de la negociaci\u00f3n, pero desde el Gobierno aclararon que no se trata de un n\u00famero que estar\u00e1 en manos de los empresarios, que podr\u00edan utilizar la herramienta para forzar una flexibilizaci\u00f3n de las condiciones de trabajo, sino que las pasant\u00edas ser\u00e1n determinadas por los convenios laborales.<\/p>\n<p>En todos los casos, todas las negociaciones ser\u00e1n sector por sector. Desde el Ministerio de Trabajo aseguraron que ya est\u00e1n avanzadas las conversaciones con los sectores de energ\u00eda, servicios, gastron\u00f3micos y de la construcci\u00f3n.<\/p>\n<p>Los gremios que presentan mayor resistencia son los del transporte.<\/p>\n<p>En forma paralela, Triaca tambi\u00e9n afina los detalles de la reforma laboral. Como adelant\u00f3 el lunes, descartada por ahora la posibilidad de un proyecto para modificar la ley de contrato del trabajo, la reforma laboral que planifica el Gobierno comenzar\u00e1 a materializarse con las primeras paritarias de 2018 y tendr\u00e1 rasgos distintivos de acuerdo con el sector y su convenio colectivo.<\/p>\n<p>Las alternativas en evaluaci\u00f3n incluyen la baja de aportes patronales para las obras sociales; revisi\u00f3n de cl\u00e1usulas de antig\u00fcedad, escalas y funciones; no avalar pagos extraordinarios, salvo excepciones, como un plus por presentismo, y establecer las pasant\u00edas como un atajo para capacitar personal a valores m\u00e1s bajos.<\/p>\n<p>&#8220;Les transmitimos a los dirigentes sindicales, a los empresarios y a todas las fuerzas pol\u00edticas que lo que nosotros vamos a producir (en reforma laboral) va a ser producto de un consenso. El di\u00e1logo es escuchar a todos, saber entender la postura de cada uno y encontrar las soluciones sector por sector de lo que le hace falta a la Argentina&#8221;, sostuvo el ministro Triaca.<\/p>\n<p><strong>EN BUSCA DE CONSENSO<\/strong><\/p>\n<p><strong>El plazo para el debate:<\/strong>\u00a0El Gobierno ya puso en marcha el di\u00e1logo con distintos sectores para avanzar con la ley de blanqueo laboral que deber\u00e1 llegar al Congreso, como m\u00e1ximo, antes del comienzo del nuevo a\u00f1o legislativo.<\/p>\n<p><strong>Qu\u00e9 incluir\u00e1 la nueva ley:\u00a0<\/strong>Triaca apuesta a alcanzar un acuerdo que alcance a la mayor cantidad de gremios y empresarios. La nueva ley de formalizaci\u00f3n laboral prev\u00e9 eximir del pago de multas a los empresarios que regularicen la situaci\u00f3n de sus trabajadores. Adem\u00e1s, el Estado reconocer\u00e1 a cuenta los aportes al sistema previsional por los a\u00f1os en los que el empleado haya estado en la informalidad.<\/p>\n<p><strong>Beneficiarios:<\/strong>\u00a0Hoy existen 4,5 millones de personas en la informalidad. De ese universo, el Gobierno aspira a que entre 800.000 y 1.000.000 de trabajadores se sumen al empleo formal.<\/p>\n<p>Fuente:www.lanacion.com.ar<\/p>\n","protected":false},"excerpt":{"rendered":"<div class=\"mh-excerpt\"><p>Las negociaciones para avanzar con la ley de blanqueo laboral deber\u00e1n estar finalizadas antes de marzo pr\u00f3ximo. El plan que ya puso en marcha el ministro de Trabajo, Jorge Triaca , es que haya un resultado concreto antes del comienzo del nuevo a\u00f1o legislativo para permitir la formalizaci\u00f3n de hasta un mill\u00f3n de trabajadores. La nueva norma que deber\u00e1 discutir el Congreso ya est\u00e1 en elaboraci\u00f3n. Triaca apuesta a lograr un acuerdo que alcance a la mayor cantidad de gremios y empresarios. La nueva ley de formalizaci\u00f3n laboral prev\u00e9 eximir del pago de multas a los empresarios que regularicen la <a class=\"mh-excerpt-more\" href=\"http:\/\/dsrmedios.com.ar\/diario\/archivos\/1235\" title=\"El gobierno avanza en la Ley de Blanqueo Laboral para formalizar a un mill\u00f3n de trabajadores\">[Leer m\u00e1s]<\/a><\/p>\n<\/div>","protected":false},"author":5,"featured_media":1236,"comment_status":"open","ping_status":"closed","sticky":false,"template":"","format":"standard","meta":{"_jetpack_newsletter_access":""},"categories":[6],"tags":[],"jetpack_featured_media_url":"http:\/\/dsrmedios.com.ar\/diario\/wp-content\/uploads\/2017\/10\/andamio_sombra.jpg","jetpack_sharing_enabled":true,"jetpack_shortlink":"https:\/\/wp.me\/s9fihK-1235","_links":{"self":[{"href":"http:\/\/dsrmedios.com.ar\/diario\/wp-json\/wp\/v2\/posts\/1235"}],"collection":[{"href":"http:\/\/dsrmedios.com.ar\/diario\/wp-json\/wp\/v2\/posts"}],"about":[{"href":"http:\/\/dsrmedios.com.ar\/diario\/wp-json\/wp\/v2\/types\/post"}],"author":[{"embeddable":true,"href":"http:\/\/dsrmedios.com.ar\/diario\/wp-json\/wp\/v2\/users\/5"}],"replies":[{"embeddable":true,"href":"http:\/\/dsrmedios.com.ar\/diario\/wp-json\/wp\/v2\/comments?post=1235"}],"version-history":[{"count":3,"href":"http:\/\/dsrmedios.com.ar\/diario\/wp-json\/wp\/v2\/posts\/1235\/revisions"}],"predecessor-version":[{"id":1239,"href":"http:\/\/dsrmedios.com.ar\/diario\/wp-json\/wp\/v2\/posts\/1235\/revisions\/1239"}],"wp:featuredmedia":[{"embeddable":true,"href":"http:\/\/dsrmedios.com.ar\/diario\/wp-json\/wp\/v2\/media\/1236"}],"wp:attachment":[{"href":"http:\/\/dsrmedios.com.ar\/diario\/wp-json\/wp\/v2\/media?parent=1235"}],"wp:term":[{"taxonomy":"category","embeddable":true,"href":"http:\/\/dsrmedios.com.ar\/diario\/wp-json\/wp\/v2\/categories?post=1235"},{"taxonomy":"post_tag","embeddable":true,"href":"http:\/\/dsrmedios.com.ar\/diario\/wp-json\/wp\/v2\/tags?post=1235"}],"curies":[{"name":"wp","href":"https:\/\/api.w.org\/{rel}","templated":true}]}}