{"id":1232,"date":"2017-10-05T07:51:50","date_gmt":"2017-10-05T10:51:50","guid":{"rendered":"http:\/\/dsrmedios.com.ar\/diario\/?p=1232"},"modified":"2017-10-05T08:04:47","modified_gmt":"2017-10-05T11:04:47","slug":"1232","status":"publish","type":"post","link":"http:\/\/dsrmedios.com.ar\/diario\/archivos\/1232","title":{"rendered":"Fesimubo realizar\u00e1 una recorrida por las \u00e1reas consultando las medidas a tomar"},"content":{"rendered":"<p>Referentes de los trabajadores municipales de Adolfo Alsina anunciaron que ma\u00f1ana recorrer\u00e1n las distintas \u00e1reas de la comuna para consultar a los empleados qu\u00e9 postura tomar frente a lo que calificaron como \u201cuna insuficiente\u201d propuesta de aumento salarial<\/p>\n<p>\u201cA partir del d\u00eda 4 se recorrer\u00e1n las \u00e1reas de trabajo para consultar las medidas a seguir y luego se har\u00e1n las notificaciones correspondientes al ministerio de Trabajo de la Provincia\u201d, inform\u00f3 el Sindicato de Trabajadores Municipales en un comunicado.<\/p>\n<p>El gremio inform\u00f3 hoy que la oferta del intendente David Hirtz para el segundo semestre del a\u00f1o consta de un 5% escalonado, que se pagar\u00eda de la siguiente forma:<\/p>\n<p>1) Un 2,5% inicial no remunerativo en noviembre, a pasar al b\u00e1sico en diciembre.<\/p>\n<p>2) Otro tanto en diciembre (no remunerativo), a pasar al b\u00e1sico en enero de 2018.<\/p>\n<p>\u201cPara esta entidad sindical -sostuvo el gremio- la propuesta es insuficiente. Los aumentos tarifarios y de medicamentos, de alimentos y vestimenta hacen imposible aceptar esta propuesta\u201d.<\/p>\n<p>Seg\u00fan el sindicato, la propuesta del Ejecutivo \u201cva en concordancia\u201d con las pol\u00edticas de los gobiernos nacional y provincial que apunta a \u201catacar los salarios y hacer de sus trabajadores la variable de ajuste\u201d.<\/p>\n<p>\u201cSolicitamos se replantee la propuesta y se logre en com\u00fan acuerdo un sinceramiento salarial para todos los trabajadores municipales de Adolfo Alsina\u201d, finaliz\u00f3.<\/p>\n<p>fuente:www.aninoticias.com.ar<\/p>\n","protected":false},"excerpt":{"rendered":"<div class=\"mh-excerpt\"><p>Referentes de los trabajadores municipales de Adolfo Alsina anunciaron que ma\u00f1ana recorrer\u00e1n las distintas \u00e1reas de la comuna para consultar a los empleados qu\u00e9 postura tomar frente a lo que calificaron como \u201cuna insuficiente\u201d propuesta de aumento salarial \u201cA partir del d\u00eda 4 se recorrer\u00e1n las \u00e1reas de trabajo para consultar las medidas a seguir y luego se har\u00e1n las notificaciones correspondientes al ministerio de Trabajo de la Provincia\u201d, inform\u00f3 el Sindicato de Trabajadores Municipales en un comunicado. El gremio inform\u00f3 hoy que la oferta del intendente David Hirtz para el segundo semestre del a\u00f1o consta de un 5% escalonado, <a class=\"mh-excerpt-more\" href=\"http:\/\/dsrmedios.com.ar\/diario\/archivos\/1232\" title=\"Fesimubo realizar\u00e1 una recorrida por las \u00e1reas consultando las medidas a tomar\">[Leer m\u00e1s]<\/a><\/p>\n<\/div>","protected":false},"author":5,"featured_media":1233,"comment_status":"open","ping_status":"closed","sticky":false,"template":"","format":"standard","meta":{"_jetpack_newsletter_access":""},"categories":[18,5],"tags":[],"jetpack_featured_media_url":"http:\/\/dsrmedios.com.ar\/diario\/wp-content\/uploads\/2017\/10\/fesimu.jpg","jetpack_sharing_enabled":true,"jetpack_shortlink":"https:\/\/wp.me\/s9fihK-1232","_links":{"self":[{"href":"http:\/\/dsrmedios.com.ar\/diario\/wp-json\/wp\/v2\/posts\/1232"}],"collection":[{"href":"http:\/\/dsrmedios.com.ar\/diario\/wp-json\/wp\/v2\/posts"}],"about":[{"href":"http:\/\/dsrmedios.com.ar\/diario\/wp-json\/wp\/v2\/types\/post"}],"author":[{"embeddable":true,"href":"http:\/\/dsrmedios.com.ar\/diario\/wp-json\/wp\/v2\/users\/5"}],"replies":[{"embeddable":true,"href":"http:\/\/dsrmedios.com.ar\/diario\/wp-json\/wp\/v2\/comments?post=1232"}],"version-history":[{"count":2,"href":"http:\/\/dsrmedios.com.ar\/diario\/wp-json\/wp\/v2\/posts\/1232\/revisions"}],"predecessor-version":[{"id":1243,"href":"http:\/\/dsrmedios.com.ar\/diario\/wp-json\/wp\/v2\/posts\/1232\/revisions\/1243"}],"wp:featuredmedia":[{"embeddable":true,"href":"http:\/\/dsrmedios.com.ar\/diario\/wp-json\/wp\/v2\/media\/1233"}],"wp:attachment":[{"href":"http:\/\/dsrmedios.com.ar\/diario\/wp-json\/wp\/v2\/media?parent=1232"}],"wp:term":[{"taxonomy":"category","embeddable":true,"href":"http:\/\/dsrmedios.com.ar\/diario\/wp-json\/wp\/v2\/categories?post=1232"},{"taxonomy":"post_tag","embeddable":true,"href":"http:\/\/dsrmedios.com.ar\/diario\/wp-json\/wp\/v2\/tags?post=1232"}],"curies":[{"name":"wp","href":"https:\/\/api.w.org\/{rel}","templated":true}]}}