{"id":1229,"date":"2017-10-05T07:50:11","date_gmt":"2017-10-05T10:50:11","guid":{"rendered":"http:\/\/dsrmedios.com.ar\/diario\/?p=1229"},"modified":"2017-10-05T07:50:11","modified_gmt":"2017-10-05T10:50:11","slug":"los-argentinos-y-los-bonaerenses-decidieron-cambiar-aseguro-maria-eugenia-vidal","status":"publish","type":"post","link":"http:\/\/dsrmedios.com.ar\/diario\/archivos\/1229","title":{"rendered":"Los argentinos y los bonaerenses decidieron cambiar asegur\u00f3 Mar\u00eda Eugenia Vidal"},"content":{"rendered":"<p>La gobernadora Mar\u00eda Eugenia Vidal asegur\u00f3 este mi\u00e9rcoles que es &#8220;optimista por el futuro de los bonaerenses y de los argentinos&#8221; ya que \u00e9stos &#8220;decidieron cambiar en serio&#8221; y &#8220;eligieron un cambio sin atajos y el camino del esfuerzo&#8221;.<\/p>\n<p>As\u00ed se expres\u00f3 la mandataria bonaerense al inaugurar una nueva central t\u00e9rmica en el partido de Ezeiza, que beneficiar\u00e1 a miles de vecinos del sudoeste del conurbano.<\/p>\n<p>&#8220;En el tema energ\u00e9tico, la verdad era dolorosa. Pasamos de ser un pa\u00eds que se autoabastec\u00eda y exportaba a ser un pa\u00eds que importaba energ\u00eda. Est\u00e1bamos en invierno sin gas, en verano sin luz, sobre todo en el conurbano y la ciudad de Buenos Aires&#8221;, record\u00f3 Vidal durante el acto de puesta en marcha de la Central T\u00e9rmica Ezeiza, del Grupo Albanesi, que produce energ\u00eda el\u00e9ctrica con dos turbinas de 50 MW y en pocos meses sumar\u00e1 un tercer generador.<\/p>\n<p>En ese marco, afirm\u00f3 que &#8220;muchos bonaerenses durante muchos a\u00f1os pasaron fiestas como Navidad y A\u00f1o Nuevo con toda la familia y las luces apagadas&#8221; y sostuvo que, durante todos esos a\u00f1os, todos pensaban que se trataba de algo &#8220;inevitable&#8221;.<\/p>\n<p>&#8220;Pero nada es inevitable si asumimos el desaf\u00edo de atravesarlas, porque despu\u00e9s las superamos y nos dimos cuenta que vali\u00f3 la pena el esfuerzo y eso pasa cuando generamos confianza&#8221;, asever\u00f3 la mandataria provincial al encabezar el acto de inauguraci\u00f3n de la nueva central t\u00e9rmica.<\/p>\n<p>Seg\u00fan la gobernadora, para mejorar la red energ\u00e9tica, era necesaria &#8220;la confianza de miles de usuarios que tuvieron que hacer un esfuerzo enorme sincerando las tarifas para que hubiera inversi\u00f3n&#8221;.<\/p>\n<p>fuente:www.aninoticias.com.ar<\/p>\n","protected":false},"excerpt":{"rendered":"<div class=\"mh-excerpt\"><p>La gobernadora Mar\u00eda Eugenia Vidal asegur\u00f3 este mi\u00e9rcoles que es &#8220;optimista por el futuro de los bonaerenses y de los argentinos&#8221; ya que \u00e9stos &#8220;decidieron cambiar en serio&#8221; y &#8220;eligieron un cambio sin atajos y el camino del esfuerzo&#8221;. As\u00ed se expres\u00f3 la mandataria bonaerense al inaugurar una nueva central t\u00e9rmica en el partido de Ezeiza, que beneficiar\u00e1 a miles de vecinos del sudoeste del conurbano. &#8220;En el tema energ\u00e9tico, la verdad era dolorosa. Pasamos de ser un pa\u00eds que se autoabastec\u00eda y exportaba a ser un pa\u00eds que importaba energ\u00eda. Est\u00e1bamos en invierno sin gas, en verano sin luz, <a class=\"mh-excerpt-more\" href=\"http:\/\/dsrmedios.com.ar\/diario\/archivos\/1229\" title=\"Los argentinos y los bonaerenses decidieron cambiar asegur\u00f3 Mar\u00eda Eugenia Vidal\">[Leer m\u00e1s]<\/a><\/p>\n<\/div>","protected":false},"author":5,"featured_media":1230,"comment_status":"open","ping_status":"closed","sticky":false,"template":"","format":"standard","meta":{"_jetpack_newsletter_access":""},"categories":[7],"tags":[],"jetpack_featured_media_url":"http:\/\/dsrmedios.com.ar\/diario\/wp-content\/uploads\/2017\/10\/Vidal_planta.jpg","jetpack_sharing_enabled":true,"jetpack_shortlink":"https:\/\/wp.me\/p9fihK-jP","_links":{"self":[{"href":"http:\/\/dsrmedios.com.ar\/diario\/wp-json\/wp\/v2\/posts\/1229"}],"collection":[{"href":"http:\/\/dsrmedios.com.ar\/diario\/wp-json\/wp\/v2\/posts"}],"about":[{"href":"http:\/\/dsrmedios.com.ar\/diario\/wp-json\/wp\/v2\/types\/post"}],"author":[{"embeddable":true,"href":"http:\/\/dsrmedios.com.ar\/diario\/wp-json\/wp\/v2\/users\/5"}],"replies":[{"embeddable":true,"href":"http:\/\/dsrmedios.com.ar\/diario\/wp-json\/wp\/v2\/comments?post=1229"}],"version-history":[{"count":1,"href":"http:\/\/dsrmedios.com.ar\/diario\/wp-json\/wp\/v2\/posts\/1229\/revisions"}],"predecessor-version":[{"id":1231,"href":"http:\/\/dsrmedios.com.ar\/diario\/wp-json\/wp\/v2\/posts\/1229\/revisions\/1231"}],"wp:featuredmedia":[{"embeddable":true,"href":"http:\/\/dsrmedios.com.ar\/diario\/wp-json\/wp\/v2\/media\/1230"}],"wp:attachment":[{"href":"http:\/\/dsrmedios.com.ar\/diario\/wp-json\/wp\/v2\/media?parent=1229"}],"wp:term":[{"taxonomy":"category","embeddable":true,"href":"http:\/\/dsrmedios.com.ar\/diario\/wp-json\/wp\/v2\/categories?post=1229"},{"taxonomy":"post_tag","embeddable":true,"href":"http:\/\/dsrmedios.com.ar\/diario\/wp-json\/wp\/v2\/tags?post=1229"}],"curies":[{"name":"wp","href":"https:\/\/api.w.org\/{rel}","templated":true}]}}