{"id":1204,"date":"2017-10-04T08:38:51","date_gmt":"2017-10-04T11:38:51","guid":{"rendered":"http:\/\/dsrmedios.com.ar\/diario\/?p=1204"},"modified":"2017-10-04T08:38:51","modified_gmt":"2017-10-04T11:38:51","slug":"visita-hoy-carhue-el-ministro-de-gobierno-de-la-provincia-joaquin-de-la-torre","status":"publish","type":"post","link":"http:\/\/dsrmedios.com.ar\/diario\/archivos\/1204","title":{"rendered":"Visita hoy Carhu\u00e9 el Ministro de Gobierno de la Provincia Joaquin De La Torre"},"content":{"rendered":"<p>Hoy mi\u00e9rcoles a las 15hs se inaugurar\u00e1n las obras de remodelaci\u00f3n de la Delegaci\u00f3n del Registro de las Personas con la presencia del Ministro de Gobierno, Joaqu\u00edn de la Torre, el Subsecretario de Coordinaci\u00f3n Gubernamental, Juan Pablo Becerra, el Director del Registro Provincial de las Personas, Juan Jos\u00e9 Esper,\u00a0la Subdirectora zonal XIX Esc. Maricel Hermida y el Intendente David Hirtz.<br \/>\nLa obra cuya inversi\u00f3n asciende a $ 645.207.78 const\u00f3 de la reparaci\u00f3n de la totalidad de los muros\u00a0y tapado de filtraciones. Estas tareas permitieron realizar un trabajo integral de pintura en el establecimiento. \u00a0Adem\u00e1s de la instalaci\u00f3n de nueva carteler\u00eda<br \/>\nSe dotar\u00e1 a la delegaci\u00f3n de 2 puestos ReDiP para enmarcarla en el proceso de modernizaci\u00f3n del estado<br \/>\nDurante el acto, el Ministro de Gobierno y el Intendente, entregar\u00e1n reconocimientos por su labor a agentes de la Delegaci\u00f3n.<\/p>\n","protected":false},"excerpt":{"rendered":"<div class=\"mh-excerpt\"><p>Hoy mi\u00e9rcoles a las 15hs se inaugurar\u00e1n las obras de remodelaci\u00f3n de la Delegaci\u00f3n del Registro de las Personas con la presencia del Ministro de Gobierno, Joaqu\u00edn de la Torre, el Subsecretario de Coordinaci\u00f3n Gubernamental, Juan Pablo Becerra, el Director del Registro Provincial de las Personas, Juan Jos\u00e9 Esper,\u00a0la Subdirectora zonal XIX Esc. Maricel Hermida y el Intendente David Hirtz. La obra cuya inversi\u00f3n asciende a $ 645.207.78 const\u00f3 de la reparaci\u00f3n de la totalidad de los muros\u00a0y tapado de filtraciones. Estas tareas permitieron realizar un trabajo integral de pintura en el establecimiento. \u00a0Adem\u00e1s de la instalaci\u00f3n de nueva carteler\u00eda <a class=\"mh-excerpt-more\" href=\"http:\/\/dsrmedios.com.ar\/diario\/archivos\/1204\" title=\"Visita hoy Carhu\u00e9 el Ministro de Gobierno de la Provincia Joaquin De La Torre\">[Leer m\u00e1s]<\/a><\/p>\n<\/div>","protected":false},"author":5,"featured_media":1205,"comment_status":"open","ping_status":"closed","sticky":false,"template":"","format":"standard","meta":{"_jetpack_newsletter_access":""},"categories":[18,5],"tags":[],"jetpack_featured_media_url":"http:\/\/dsrmedios.com.ar\/diario\/wp-content\/uploads\/2017\/10\/de-la-torre.jpg","jetpack_sharing_enabled":true,"jetpack_shortlink":"https:\/\/wp.me\/p9fihK-jq","_links":{"self":[{"href":"http:\/\/dsrmedios.com.ar\/diario\/wp-json\/wp\/v2\/posts\/1204"}],"collection":[{"href":"http:\/\/dsrmedios.com.ar\/diario\/wp-json\/wp\/v2\/posts"}],"about":[{"href":"http:\/\/dsrmedios.com.ar\/diario\/wp-json\/wp\/v2\/types\/post"}],"author":[{"embeddable":true,"href":"http:\/\/dsrmedios.com.ar\/diario\/wp-json\/wp\/v2\/users\/5"}],"replies":[{"embeddable":true,"href":"http:\/\/dsrmedios.com.ar\/diario\/wp-json\/wp\/v2\/comments?post=1204"}],"version-history":[{"count":1,"href":"http:\/\/dsrmedios.com.ar\/diario\/wp-json\/wp\/v2\/posts\/1204\/revisions"}],"predecessor-version":[{"id":1206,"href":"http:\/\/dsrmedios.com.ar\/diario\/wp-json\/wp\/v2\/posts\/1204\/revisions\/1206"}],"wp:featuredmedia":[{"embeddable":true,"href":"http:\/\/dsrmedios.com.ar\/diario\/wp-json\/wp\/v2\/media\/1205"}],"wp:attachment":[{"href":"http:\/\/dsrmedios.com.ar\/diario\/wp-json\/wp\/v2\/media?parent=1204"}],"wp:term":[{"taxonomy":"category","embeddable":true,"href":"http:\/\/dsrmedios.com.ar\/diario\/wp-json\/wp\/v2\/categories?post=1204"},{"taxonomy":"post_tag","embeddable":true,"href":"http:\/\/dsrmedios.com.ar\/diario\/wp-json\/wp\/v2\/tags?post=1204"}],"curies":[{"name":"wp","href":"https:\/\/api.w.org\/{rel}","templated":true}]}}