{"id":1187,"date":"2017-10-04T08:10:45","date_gmt":"2017-10-04T11:10:45","guid":{"rendered":"http:\/\/dsrmedios.com.ar\/diario\/?p=1187"},"modified":"2017-10-04T08:22:14","modified_gmt":"2017-10-04T11:22:14","slug":"ediles-de-guamini-respaldan-al-intendente-alvarez-para-abandonar-el-comite-de-cuenca","status":"publish","type":"post","link":"http:\/\/dsrmedios.com.ar\/diario\/archivos\/1187","title":{"rendered":"Ediles de Guamin\u00ed respaldan al intendente Alvarez para abandonar el Comit\u00e9 de Cuenca"},"content":{"rendered":"<p>El Concejo Deliberante de Guamin\u00ed manifest\u00f3 su respaldo al intendente N\u00e9stor \u00c1lvarez en el caso de que quiera renunciar al Comit\u00e9 de Cuenca Regional. La pol\u00e9mica medida es una muestra de la bronca que hay en el distrito por la falta de medidas para paliar la cr\u00edtica situaci\u00f3n h\u00eddrica.<\/p>\n<p>La propuesta fue del concejal de Uni\u00f3n Vecinal, Eduardo Hiriart, y fue aprobada por unanimidad. La medida ya hab\u00eda sido debatida en una reuni\u00f3n del Comit\u00e9 de Cuenca local, previa a la sesi\u00f3n del CD, de la cual tomaron parte m\u00e1s de 70 vecinos.<\/p>\n<p>Los ediles sugirieron adem\u00e1s que, de producirse la salida de Guamin\u00ed del Comit\u00e9 Regional, habr\u00eda que conformar un Comit\u00e9 de Emergencia local para que las posturas y pedidos del distrito de Guamin\u00ed lleguen de forma directa a las autoridades provinciales.<\/p>\n<p>Los ediles tambi\u00e9n resolvieron pedir una audiencia urgente con la gobernadora Mar\u00eda Eugenia Vidal, a fin de pedirle que interceda por el distrito.<\/p>\n<p>Seg\u00fan dijeron, el motivo es que \u201cel subsecretario de Infraestructura Hidr\u00e1ulica, Rodrigo Silvosa, ha reiteradamente laudado en favor del vecino distrito de Adolfo Alsina\u201d.<\/p>\n<p>La sesi\u00f3n del Concejo Deliberante tuvo lugar anoche, en el club Uni\u00f3n Deportiva de Bonifacio. Esta localidad es una de las m\u00e1s complicadas por los anegamientos e inundaciones, junto con Casey, Garr\u00e9 y Casbas, entre otras.<\/p>\n<h2>Cuatro pedidos b\u00e1sicos<\/h2>\n<p>La sesi\u00f3n extraordinaria tuvo por objetivo mostrar una postura unificada del distrito luego del rev\u00e9s sufrido en la \u00faltima reuni\u00f3n del Comit\u00e9 de Cuencas Regional, que tuvo lugar en General La Madrid.<\/p>\n<p>A esa reuni\u00f3n Guamin\u00ed fue con cuatro pedidos b\u00e1sicos, de los cuales apenas uno tuvo respuesta positiva:<\/p>\n<p>1) Solicit\u00f3 aliviar la situaci\u00f3n de las lagunas Alsina, Cochic\u00f3, Del Monte y Del Venado realizando un trasvase controlado a Epecu\u00e9n. La respuesta del subsecretario de Recursos H\u00eddricos, Rodrigo Silvosa, fue negativa.<\/p>\n<p>2) Pidi\u00f3 la clausura inmediata de 40 canales clandestinos denunciados hace dos meses. La respuesta fue que el tema est\u00e1 en manos de la Justicia y a\u00fan no se recibi\u00f3 orden de clausura.<\/p>\n<p>3) Reclam\u00f3 reforzar el tap\u00f3n que se coloc\u00f3 en el r\u00edo Sauce Corto, para evitar que, en caso de una crecida, resista el embate del agua proveniente de las sierras (que desemboca en laguna Alsina). La respuesta fue que el tap\u00f3n seguir\u00e1 igual (de apenas 60 cent\u00edmetros de alto), a fin de que, si hay una crecida, pueda ser barrido por la corriente.<\/p>\n<p>4) Por \u00faltimo, pidi\u00f3 volver a enviar el agua del arroyo Pig\u00fc\u00e9 a la laguna Epecu\u00e9n (hoy va hacia Del Venado). La respuesta fue que se har\u00e1 un aforo de emergencia para calcular el caudal y, eventualmente, desviar una parte hacia Epecu\u00e9n.<\/p>\n<p>Fuente: www.lanueva.com.ar (Agencia Guamin\u00ed)<\/p>\n","protected":false},"excerpt":{"rendered":"<div class=\"mh-excerpt\"><p>El Concejo Deliberante de Guamin\u00ed manifest\u00f3 su respaldo al intendente N\u00e9stor \u00c1lvarez en el caso de que quiera renunciar al Comit\u00e9 de Cuenca Regional. La pol\u00e9mica medida es una muestra de la bronca que hay en el distrito por la falta de medidas para paliar la cr\u00edtica situaci\u00f3n h\u00eddrica. La propuesta fue del concejal de Uni\u00f3n Vecinal, Eduardo Hiriart, y fue aprobada por unanimidad. La medida ya hab\u00eda sido debatida en una reuni\u00f3n del Comit\u00e9 de Cuenca local, previa a la sesi\u00f3n del CD, de la cual tomaron parte m\u00e1s de 70 vecinos. Los ediles sugirieron adem\u00e1s que, de producirse <a class=\"mh-excerpt-more\" href=\"http:\/\/dsrmedios.com.ar\/diario\/archivos\/1187\" title=\"Ediles de Guamin\u00ed respaldan al intendente Alvarez para abandonar el Comit\u00e9 de Cuenca\">[Leer m\u00e1s]<\/a><\/p>\n<\/div>","protected":false},"author":5,"featured_media":1189,"comment_status":"open","ping_status":"closed","sticky":false,"template":"","format":"standard","meta":{"_jetpack_newsletter_access":""},"categories":[18],"tags":[],"jetpack_featured_media_url":"http:\/\/dsrmedios.com.ar\/diario\/wp-content\/uploads\/2017\/10\/hcdguami.jpeg","jetpack_sharing_enabled":true,"jetpack_shortlink":"https:\/\/wp.me\/p9fihK-j9","_links":{"self":[{"href":"http:\/\/dsrmedios.com.ar\/diario\/wp-json\/wp\/v2\/posts\/1187"}],"collection":[{"href":"http:\/\/dsrmedios.com.ar\/diario\/wp-json\/wp\/v2\/posts"}],"about":[{"href":"http:\/\/dsrmedios.com.ar\/diario\/wp-json\/wp\/v2\/types\/post"}],"author":[{"embeddable":true,"href":"http:\/\/dsrmedios.com.ar\/diario\/wp-json\/wp\/v2\/users\/5"}],"replies":[{"embeddable":true,"href":"http:\/\/dsrmedios.com.ar\/diario\/wp-json\/wp\/v2\/comments?post=1187"}],"version-history":[{"count":2,"href":"http:\/\/dsrmedios.com.ar\/diario\/wp-json\/wp\/v2\/posts\/1187\/revisions"}],"predecessor-version":[{"id":1197,"href":"http:\/\/dsrmedios.com.ar\/diario\/wp-json\/wp\/v2\/posts\/1187\/revisions\/1197"}],"wp:featuredmedia":[{"embeddable":true,"href":"http:\/\/dsrmedios.com.ar\/diario\/wp-json\/wp\/v2\/media\/1189"}],"wp:attachment":[{"href":"http:\/\/dsrmedios.com.ar\/diario\/wp-json\/wp\/v2\/media?parent=1187"}],"wp:term":[{"taxonomy":"category","embeddable":true,"href":"http:\/\/dsrmedios.com.ar\/diario\/wp-json\/wp\/v2\/categories?post=1187"},{"taxonomy":"post_tag","embeddable":true,"href":"http:\/\/dsrmedios.com.ar\/diario\/wp-json\/wp\/v2\/tags?post=1187"}],"curies":[{"name":"wp","href":"https:\/\/api.w.org\/{rel}","templated":true}]}}