{"id":1164,"date":"2017-10-03T08:46:31","date_gmt":"2017-10-03T11:46:31","guid":{"rendered":"http:\/\/dsrmedios.com.ar\/diario\/?p=1164"},"modified":"2017-10-03T08:46:31","modified_gmt":"2017-10-03T11:46:31","slug":"la-corte-suprema-intervendra-en-el-conflicto-entre-provincias-por-las-inundaciones","status":"publish","type":"post","link":"http:\/\/dsrmedios.com.ar\/diario\/archivos\/1164","title":{"rendered":"La Corte Suprema intervendr\u00e1 en el conflicto entre provincias por las inundaciones"},"content":{"rendered":"<p>La audiencia, convocada por el m\u00e1ximo tribunal ante la \u201cgravedad de los hechos denunciados\u201d tendr\u00e1 lugar el 7 de noviembre en el Palacio de Justicia, sede de la Corte.<\/p>\n<p>La convocatoria se da en el marco de una causa iniciada por la Defensor\u00eda del Pueblo bonaerense con la que se busca frenar las inundaciones en territorio bonaerense. Concretamente, el pedido tiene que ver con las obras realizadas por Santa Fe que alteraron el escurrimiento natural de la laguna La Picasa, lo que deriv\u00f3 en la anegaci\u00f3n de varios distritos de Buenos Aires.<\/p>\n<p>A la audiencia est\u00e1n convocadas las provincias de Buenos Aires, Santa Fe y C\u00f3rdoba \u2013que integra la Comisi\u00f3n Interjurisdiccional de la Cuenca de la laguna La Picasa-, y la Secretar\u00eda de Recursos H\u00eddricos, la Procuradur\u00eda General y a la Defensor\u00eda General de la Naci\u00f3n.<\/p>\n<p>Al respecto, el Defensor del Pueblo bonaerense, Guido Lorenzino, destac\u00f3 la decisi\u00f3n de la Corte, al reconocer \u201cque se le dio la importancia necesaria a nuestros reclamos, que los gobiernos se comprometan a dar respuesta ante la grave situaci\u00f3n que afecta a miles de bonaerenses, y que se lleven adelante todas las obras necesarias para evitar que se repitan estas inundaciones\u201d.<\/p>\n<p>Fuente: Agencia DIB<\/p>\n","protected":false},"excerpt":{"rendered":"<div class=\"mh-excerpt\"><p>La audiencia, convocada por el m\u00e1ximo tribunal ante la \u201cgravedad de los hechos denunciados\u201d tendr\u00e1 lugar el 7 de noviembre en el Palacio de Justicia, sede de la Corte. La convocatoria se da en el marco de una causa iniciada por la Defensor\u00eda del Pueblo bonaerense con la que se busca frenar las inundaciones en territorio bonaerense. Concretamente, el pedido tiene que ver con las obras realizadas por Santa Fe que alteraron el escurrimiento natural de la laguna La Picasa, lo que deriv\u00f3 en la anegaci\u00f3n de varios distritos de Buenos Aires. A la audiencia est\u00e1n convocadas las provincias de <a class=\"mh-excerpt-more\" href=\"http:\/\/dsrmedios.com.ar\/diario\/archivos\/1164\" title=\"La Corte Suprema intervendr\u00e1 en el conflicto entre provincias por las inundaciones\">[Leer m\u00e1s]<\/a><\/p>\n<\/div>","protected":false},"author":5,"featured_media":1165,"comment_status":"open","ping_status":"closed","sticky":false,"template":"","format":"standard","meta":{"_jetpack_newsletter_access":""},"categories":[18,6],"tags":[],"jetpack_featured_media_url":"http:\/\/dsrmedios.com.ar\/diario\/wp-content\/uploads\/2017\/10\/guerra.jpg","jetpack_sharing_enabled":true,"jetpack_shortlink":"https:\/\/wp.me\/p9fihK-iM","_links":{"self":[{"href":"http:\/\/dsrmedios.com.ar\/diario\/wp-json\/wp\/v2\/posts\/1164"}],"collection":[{"href":"http:\/\/dsrmedios.com.ar\/diario\/wp-json\/wp\/v2\/posts"}],"about":[{"href":"http:\/\/dsrmedios.com.ar\/diario\/wp-json\/wp\/v2\/types\/post"}],"author":[{"embeddable":true,"href":"http:\/\/dsrmedios.com.ar\/diario\/wp-json\/wp\/v2\/users\/5"}],"replies":[{"embeddable":true,"href":"http:\/\/dsrmedios.com.ar\/diario\/wp-json\/wp\/v2\/comments?post=1164"}],"version-history":[{"count":1,"href":"http:\/\/dsrmedios.com.ar\/diario\/wp-json\/wp\/v2\/posts\/1164\/revisions"}],"predecessor-version":[{"id":1166,"href":"http:\/\/dsrmedios.com.ar\/diario\/wp-json\/wp\/v2\/posts\/1164\/revisions\/1166"}],"wp:featuredmedia":[{"embeddable":true,"href":"http:\/\/dsrmedios.com.ar\/diario\/wp-json\/wp\/v2\/media\/1165"}],"wp:attachment":[{"href":"http:\/\/dsrmedios.com.ar\/diario\/wp-json\/wp\/v2\/media?parent=1164"}],"wp:term":[{"taxonomy":"category","embeddable":true,"href":"http:\/\/dsrmedios.com.ar\/diario\/wp-json\/wp\/v2\/categories?post=1164"},{"taxonomy":"post_tag","embeddable":true,"href":"http:\/\/dsrmedios.com.ar\/diario\/wp-json\/wp\/v2\/tags?post=1164"}],"curies":[{"name":"wp","href":"https:\/\/api.w.org\/{rel}","templated":true}]}}