{"id":1155,"date":"2017-10-03T08:35:48","date_gmt":"2017-10-03T11:35:48","guid":{"rendered":"http:\/\/dsrmedios.com.ar\/diario\/?p=1155"},"modified":"2017-10-03T08:35:48","modified_gmt":"2017-10-03T11:35:48","slug":"el-intendente-hirtz-se-reunio-con-el-ministro-rogelio-frigerio-en-bahia-blanca","status":"publish","type":"post","link":"http:\/\/dsrmedios.com.ar\/diario\/archivos\/1155","title":{"rendered":"EL Intendente Hirtz se reuni\u00f3 con el ministro Rogelio Frigerio en Bah\u00eda Blanca"},"content":{"rendered":"<p>El Intendente David Hirtz se reuni\u00f3 con Rogelio Frigerio, Ministro del Interior de la Naci\u00f3n en Bah\u00eda Blanca junto a otros intendentes de la regi\u00f3n.<br \/>\nEl objetivo del encuentro \u00a0fue conversar sobre gesti\u00f3n, proyectos y obras en el \u00a0distrito.<br \/>\nEl Intendente plante\u00f3 3 temas claves: la necesidad de regularizar desembolsos para las 60 viviendas del Plan Techo Digno; la regularizaci\u00f3n de los desembolsos del Convenio para dotar de servicios y nexos domiciliarios para esas \u00a0viviendas; y el Desarrollo del Plan H\u00e1bitat a trav\u00e9s del cual se est\u00e1n llevando adelante obras de infraestructura y talleres en diferentes barrios de Carhu\u00e9.<br \/>\nPor \u00faltimo, el Intendente \u00a0adelant\u00f3 al Ministro que Adolfo Alsina requerir\u00e1 de apoyo financiero para actualizar deudas a proveedores.<\/p>\n","protected":false},"excerpt":{"rendered":"<div class=\"mh-excerpt\"><p>El Intendente David Hirtz se reuni\u00f3 con Rogelio Frigerio, Ministro del Interior de la Naci\u00f3n en Bah\u00eda Blanca junto a otros intendentes de la regi\u00f3n. El objetivo del encuentro \u00a0fue conversar sobre gesti\u00f3n, proyectos y obras en el \u00a0distrito. El Intendente plante\u00f3 3 temas claves: la necesidad de regularizar desembolsos para las 60 viviendas del Plan Techo Digno; la regularizaci\u00f3n de los desembolsos del Convenio para dotar de servicios y nexos domiciliarios para esas \u00a0viviendas; y el Desarrollo del Plan H\u00e1bitat a trav\u00e9s del cual se est\u00e1n llevando adelante obras de infraestructura y talleres en diferentes barrios de Carhu\u00e9. Por <a class=\"mh-excerpt-more\" href=\"http:\/\/dsrmedios.com.ar\/diario\/archivos\/1155\" title=\"EL Intendente Hirtz se reuni\u00f3 con el ministro Rogelio Frigerio en Bah\u00eda Blanca\">[Leer m\u00e1s]<\/a><\/p>\n<\/div>","protected":false},"author":5,"featured_media":1156,"comment_status":"open","ping_status":"closed","sticky":false,"template":"","format":"standard","meta":{"_jetpack_newsletter_access":""},"categories":[18,5],"tags":[],"jetpack_featured_media_url":"http:\/\/dsrmedios.com.ar\/diario\/wp-content\/uploads\/2017\/10\/hirtzfrige.jpeg","jetpack_sharing_enabled":true,"jetpack_shortlink":"https:\/\/wp.me\/p9fihK-iD","_links":{"self":[{"href":"http:\/\/dsrmedios.com.ar\/diario\/wp-json\/wp\/v2\/posts\/1155"}],"collection":[{"href":"http:\/\/dsrmedios.com.ar\/diario\/wp-json\/wp\/v2\/posts"}],"about":[{"href":"http:\/\/dsrmedios.com.ar\/diario\/wp-json\/wp\/v2\/types\/post"}],"author":[{"embeddable":true,"href":"http:\/\/dsrmedios.com.ar\/diario\/wp-json\/wp\/v2\/users\/5"}],"replies":[{"embeddable":true,"href":"http:\/\/dsrmedios.com.ar\/diario\/wp-json\/wp\/v2\/comments?post=1155"}],"version-history":[{"count":1,"href":"http:\/\/dsrmedios.com.ar\/diario\/wp-json\/wp\/v2\/posts\/1155\/revisions"}],"predecessor-version":[{"id":1157,"href":"http:\/\/dsrmedios.com.ar\/diario\/wp-json\/wp\/v2\/posts\/1155\/revisions\/1157"}],"wp:featuredmedia":[{"embeddable":true,"href":"http:\/\/dsrmedios.com.ar\/diario\/wp-json\/wp\/v2\/media\/1156"}],"wp:attachment":[{"href":"http:\/\/dsrmedios.com.ar\/diario\/wp-json\/wp\/v2\/media?parent=1155"}],"wp:term":[{"taxonomy":"category","embeddable":true,"href":"http:\/\/dsrmedios.com.ar\/diario\/wp-json\/wp\/v2\/categories?post=1155"},{"taxonomy":"post_tag","embeddable":true,"href":"http:\/\/dsrmedios.com.ar\/diario\/wp-json\/wp\/v2\/tags?post=1155"}],"curies":[{"name":"wp","href":"https:\/\/api.w.org\/{rel}","templated":true}]}}