{"id":1146,"date":"2017-10-03T08:14:40","date_gmt":"2017-10-03T11:14:40","guid":{"rendered":"http:\/\/dsrmedios.com.ar\/diario\/?p=1146"},"modified":"2017-10-03T08:14:40","modified_gmt":"2017-10-03T11:14:40","slug":"provincia-convocara-a-gremios-docentes-en-el-mes-de-noviembre-para-definir-salarios-del-2018","status":"publish","type":"post","link":"http:\/\/dsrmedios.com.ar\/diario\/archivos\/1146","title":{"rendered":"Provincia convocar\u00e1 a gremios docentes en el mes de noviembre para definir salarios del 2018"},"content":{"rendered":"<p>El gobierno bonaerense convocar\u00e1 a los gremios del Frente de Unidad Docente (FUD) bonaerense -que integran FEB, Suteba, AMET, Udocba, Sadop y UDA- para dar inicio a la discusi\u00f3n salarial correspondiente a 2018 en la primera semana de noviembre.<\/p>\n<p>Seg\u00fan reconocieron este lunes fuentes del Ejecutivo bonaerense, tras las elecciones legislativas del 22 de octubre &#8220;comenzaran las reuniones de comisi\u00f3n t\u00e9cnica salarial&#8221; entre los representantes de los sindicatos docentes y los funcionarios bonaerenses.<\/p>\n<p>El Frente de Unidad Docente solicit\u00f3 la semana pasada una reuni\u00f3n &#8220;urgente&#8221; con el director de Cultura y Educaci\u00f3n, Gabriel S\u00e1nchez Zinny, para &#8220;retomar la agenda educativa planteada durante la gesti\u00f3n anterior&#8221;.<\/p>\n<p>No obstante, desde la cartera educativa precisaron que \u201csi bien el encuentro con los gremios para comenzar a analizar la paritaria del a\u00f1o que viene ser\u00e1 despu\u00e9s de los comicios, ya hay contactos con ellos: se est\u00e1n haciendo asiduamente reuniones de comisi\u00f3n t\u00e9cnica de Condiciones Laborales y Salud Laboral\u201d.<\/p>\n<p>fuente:www.aninoticias.com.ar<\/p>\n","protected":false},"excerpt":{"rendered":"<div class=\"mh-excerpt\"><p>El gobierno bonaerense convocar\u00e1 a los gremios del Frente de Unidad Docente (FUD) bonaerense -que integran FEB, Suteba, AMET, Udocba, Sadop y UDA- para dar inicio a la discusi\u00f3n salarial correspondiente a 2018 en la primera semana de noviembre. Seg\u00fan reconocieron este lunes fuentes del Ejecutivo bonaerense, tras las elecciones legislativas del 22 de octubre &#8220;comenzaran las reuniones de comisi\u00f3n t\u00e9cnica salarial&#8221; entre los representantes de los sindicatos docentes y los funcionarios bonaerenses. El Frente de Unidad Docente solicit\u00f3 la semana pasada una reuni\u00f3n &#8220;urgente&#8221; con el director de Cultura y Educaci\u00f3n, Gabriel S\u00e1nchez Zinny, para &#8220;retomar la agenda educativa <a class=\"mh-excerpt-more\" href=\"http:\/\/dsrmedios.com.ar\/diario\/archivos\/1146\" title=\"Provincia convocar\u00e1 a gremios docentes en el mes de noviembre para definir salarios del 2018\">[Leer m\u00e1s]<\/a><\/p>\n<\/div>","protected":false},"author":5,"featured_media":1147,"comment_status":"open","ping_status":"closed","sticky":false,"template":"","format":"standard","meta":{"_jetpack_newsletter_access":""},"categories":[7],"tags":[],"jetpack_featured_media_url":"http:\/\/dsrmedios.com.ar\/diario\/wp-content\/uploads\/2017\/10\/baradelyotr.jpg","jetpack_sharing_enabled":true,"jetpack_shortlink":"https:\/\/wp.me\/p9fihK-iu","_links":{"self":[{"href":"http:\/\/dsrmedios.com.ar\/diario\/wp-json\/wp\/v2\/posts\/1146"}],"collection":[{"href":"http:\/\/dsrmedios.com.ar\/diario\/wp-json\/wp\/v2\/posts"}],"about":[{"href":"http:\/\/dsrmedios.com.ar\/diario\/wp-json\/wp\/v2\/types\/post"}],"author":[{"embeddable":true,"href":"http:\/\/dsrmedios.com.ar\/diario\/wp-json\/wp\/v2\/users\/5"}],"replies":[{"embeddable":true,"href":"http:\/\/dsrmedios.com.ar\/diario\/wp-json\/wp\/v2\/comments?post=1146"}],"version-history":[{"count":1,"href":"http:\/\/dsrmedios.com.ar\/diario\/wp-json\/wp\/v2\/posts\/1146\/revisions"}],"predecessor-version":[{"id":1148,"href":"http:\/\/dsrmedios.com.ar\/diario\/wp-json\/wp\/v2\/posts\/1146\/revisions\/1148"}],"wp:featuredmedia":[{"embeddable":true,"href":"http:\/\/dsrmedios.com.ar\/diario\/wp-json\/wp\/v2\/media\/1147"}],"wp:attachment":[{"href":"http:\/\/dsrmedios.com.ar\/diario\/wp-json\/wp\/v2\/media?parent=1146"}],"wp:term":[{"taxonomy":"category","embeddable":true,"href":"http:\/\/dsrmedios.com.ar\/diario\/wp-json\/wp\/v2\/categories?post=1146"},{"taxonomy":"post_tag","embeddable":true,"href":"http:\/\/dsrmedios.com.ar\/diario\/wp-json\/wp\/v2\/tags?post=1146"}],"curies":[{"name":"wp","href":"https:\/\/api.w.org\/{rel}","templated":true}]}}