{"id":1116,"date":"2017-10-02T07:59:05","date_gmt":"2017-10-02T10:59:05","guid":{"rendered":"http:\/\/dsrmedios.com.ar\/diario\/?p=1116"},"modified":"2017-10-02T07:59:05","modified_gmt":"2017-10-02T10:59:05","slug":"seis-de-cada-diez-bonaerenses-aprueban-la-gestion-de-maria-eugenia-vidal","status":"publish","type":"post","link":"http:\/\/dsrmedios.com.ar\/diario\/archivos\/1116","title":{"rendered":"Seis de cada diez bonaerenses aprueban la gesti\u00f3n de Mar\u00eda Eugenia Vidal"},"content":{"rendered":"<div class=\"flr g12 arial ctext fz16 lh26 wysiwyg mb20 \">\n<div class=\"texto_nota\">\n<p>Luego de las PASO del 13 de agosto donde el resultado entre Cambiemos y Unidad Ciudadana fue muy ajustado, el oficialismo ha salido a buscar los votos necesarios para superar a quienes gobernaron durante la etapa anterior. Varias encuestas arrojan resultados donde en principio de reflejar\u00eda el cambio de perspectiva sobre la econom\u00eda lo cual empuja la valoraci\u00f3n positiva hacia el oficialismo.<\/p>\n<p>Al respecto, DAlessio Irol\/Berensztein llev\u00f3 a cabo una encuesta sobre un panel propio, calificado y estratificado, que incluy\u00f3 encuestas a 1653 mayores de 18 a\u00f1os en todo el pa\u00eds. Entonces dio a conocer que por primera vez desde que se efect\u00faa el relevamiento (julio de 2016), la mayor parte de los encuestados (53%) considera que la econom\u00eda est\u00e1 mejor que hace un a\u00f1o. El dato se corresponde con el crecimiento de la actividad registrado por el Indec en el primer semestre de 2017 y sostiene el avance de una tendencia positiva (56%) en la percepci\u00f3n sobre c\u00f3mo estar\u00e1 la situaci\u00f3n econ\u00f3mica dentro de un a\u00f1o.<\/p>\n<p>Adem\u00e1s, esto alienta en seis de cada diez personas la posibilidad de concretar proyectos en los pr\u00f3ximos doce meses que implican un gasto importante como salir o aumentar las vacaciones (32%), comprar una vivienda (22%), cambiar el autom\u00f3vil (16%), terminar con las deudas (16%) o comprar indumentaria 15%).<\/p>\n<p>Tras las PASO, se observa una profundizaci\u00f3n de la mejora en la calificaci\u00f3n del gobierno de Cambiemos. Un 54% de los encuestados la eval\u00faa como buena, un 44% la califica como mala, un resultado inverso al comprobado apenas dos meses atr\u00e1s.<\/p>\n<p>Por su parte, seis de cada diez bonaerenses ponderan la gesti\u00f3n del gobierno provincial, superando al del gobierno nacional. En ese marco, tres de cada diez votantes del Frente para la Victoria en el ballottage de 2015 califican hoy positivamente la conducci\u00f3n de Mar\u00eda Eugenia Vidal, situaci\u00f3n similar a la registrada con la administraci\u00f3n porte\u00f1a de Horacio Rodr\u00edguez Larreta.<\/p>\n<p>M\u00e1s all\u00e1 de estos n\u00fameros que reflejar\u00edan viento a favor del oficialismo, la encuesta mostr\u00f3 que la inflaci\u00f3n con un 74% permanece como el tema m\u00e1s preocupante para la sociedad. Luego le sigue la inseguridad con 72%, el aumento de las tarifas de luz y gas con 57%, el incremento de la presi\u00f3n impositiva con el 56% y el bajo nivel de educaci\u00f3n primaria con 52%, entre otros puntos.<\/p>\n<p>Seg\u00fan public\u00f3 cronista.com, el consultor Eduardo DAlessio manifest\u00f3 que \u201cla previa a las elecciones primarias marcaron el peor momento en materia econ\u00f3mica, pero el resultado lo revirti\u00f3. Objetivamente, la situaci\u00f3n econ\u00f3mica est\u00e1 mejorando y el cambio dej\u00f3 sin letra a la oposici\u00f3n. Ahora tenemos el efecto del crecimiento real&#8221;.<\/p>\n<p>Mientras tanto, el analista Sergio Berensztein indic\u00f3 que \u201cel contexto pol\u00edtico, econ\u00f3mico y social luce particularmente favorable para el Gobierno en este \u00faltimo tramo de la campa\u00f1a. Excepto alg\u00fan error no forzado particularmente grosero o un cisne negro que altere la din\u00e1mica actual, Cambiemos se encamina a conseguir un triunfo que lo consagrar\u00e1 como una clara primera minor\u00eda en todo el pa\u00eds. Es por eso que el debate actual ya no se centra tanto en el resultado de estas elecciones, sino en la agenda de reformas que eventualmente impulsar\u00e1 la administraci\u00f3n Macri desde el 23 de octubre en adelante. En este sentido, la certidumbre sobre el proceso electoral contrasta con las dudas respecto del alcance y el contenido espec\u00edfico de ese paquete de reformas estructurales, que se descuenta ser\u00e1 implementado de forma gradual&#8221;.<\/p>\n<p>Fuente:www.infocielo.com.ar<\/p>\n<\/div>\n<\/div>\n","protected":false},"excerpt":{"rendered":"<div class=\"mh-excerpt\"><p>Luego de las PASO del 13 de agosto donde el resultado entre Cambiemos y Unidad Ciudadana fue muy ajustado, el oficialismo ha salido a buscar los votos necesarios para superar a quienes gobernaron durante la etapa anterior. Varias encuestas arrojan resultados donde en principio de reflejar\u00eda el cambio de perspectiva sobre la econom\u00eda lo cual empuja la valoraci\u00f3n positiva hacia el oficialismo. Al respecto, DAlessio Irol\/Berensztein llev\u00f3 a cabo una encuesta sobre un panel propio, calificado y estratificado, que incluy\u00f3 encuestas a 1653 mayores de 18 a\u00f1os en todo el pa\u00eds. Entonces dio a conocer que por primera vez desde <a class=\"mh-excerpt-more\" href=\"http:\/\/dsrmedios.com.ar\/diario\/archivos\/1116\" title=\"Seis de cada diez bonaerenses aprueban la gesti\u00f3n de Mar\u00eda Eugenia Vidal\">[Leer m\u00e1s]<\/a><\/p>\n<\/div>","protected":false},"author":5,"featured_media":1117,"comment_status":"open","ping_status":"closed","sticky":false,"template":"","format":"standard","meta":{"_jetpack_newsletter_access":""},"categories":[18,7],"tags":[],"jetpack_featured_media_url":"http:\/\/dsrmedios.com.ar\/diario\/wp-content\/uploads\/2017\/10\/vidal88.jpg","jetpack_sharing_enabled":true,"jetpack_shortlink":"https:\/\/wp.me\/p9fihK-i0","_links":{"self":[{"href":"http:\/\/dsrmedios.com.ar\/diario\/wp-json\/wp\/v2\/posts\/1116"}],"collection":[{"href":"http:\/\/dsrmedios.com.ar\/diario\/wp-json\/wp\/v2\/posts"}],"about":[{"href":"http:\/\/dsrmedios.com.ar\/diario\/wp-json\/wp\/v2\/types\/post"}],"author":[{"embeddable":true,"href":"http:\/\/dsrmedios.com.ar\/diario\/wp-json\/wp\/v2\/users\/5"}],"replies":[{"embeddable":true,"href":"http:\/\/dsrmedios.com.ar\/diario\/wp-json\/wp\/v2\/comments?post=1116"}],"version-history":[{"count":1,"href":"http:\/\/dsrmedios.com.ar\/diario\/wp-json\/wp\/v2\/posts\/1116\/revisions"}],"predecessor-version":[{"id":1118,"href":"http:\/\/dsrmedios.com.ar\/diario\/wp-json\/wp\/v2\/posts\/1116\/revisions\/1118"}],"wp:featuredmedia":[{"embeddable":true,"href":"http:\/\/dsrmedios.com.ar\/diario\/wp-json\/wp\/v2\/media\/1117"}],"wp:attachment":[{"href":"http:\/\/dsrmedios.com.ar\/diario\/wp-json\/wp\/v2\/media?parent=1116"}],"wp:term":[{"taxonomy":"category","embeddable":true,"href":"http:\/\/dsrmedios.com.ar\/diario\/wp-json\/wp\/v2\/categories?post=1116"},{"taxonomy":"post_tag","embeddable":true,"href":"http:\/\/dsrmedios.com.ar\/diario\/wp-json\/wp\/v2\/tags?post=1116"}],"curies":[{"name":"wp","href":"https:\/\/api.w.org\/{rel}","templated":true}]}}